{"content":"<div class=\"row inline-row\">\n                <div class=\"col-md-6 col-xs-12 inline-col feed-item\">\n            <div class=\"clearfix\">\r\n    <div class=\"img \">\r\n        <a target=\"blank\" href=\"https:\/\/bokik.hu\/esemenyek\/belfold\/bokik-lions-jotekonysagi-bal-2026-februar-14\" title=\"Ha farsang, akkor BOKIK-Lions j\u00f3t\u00e9konys\u00e1gi b\u00e1l\" tabindex=\"-1\" aria-hidden=\"true\">\r\n            <img class=\"img-responsive img-center\" src=\"\/uploads\/feed_items\/small-img-jotekonysagi-bal-c-17678847680665.jpg\" alt=\"Ha farsang, akkor BOKIK-Lions j\u00f3t\u00e9konys\u00e1gi b\u00e1l\">\n        <\/a>\r\n    <\/div>\r\n    <div class=\"col-xs-7 info\">\r\n        <div class=\"title\" role=\"heading\" aria-level=\"4\"><a target=\"blank\" href=\"https:\/\/bokik.hu\/esemenyek\/belfold\/bokik-lions-jotekonysagi-bal-2026-februar-14\">Ha farsang, akkor BOKIK-Lions j\u00f3t\u00e9konys\u00e1gi b\u00e1l<\/a><\/div>\r\n                    <ul class=\"categories\">\r\n                                    <li><a style=\"background: #423fc6; color: #ffffff\" href=\"https:\/\/bokik.hu\/hirek\/vivamus-non-erat-sit\" aria-label=\"belf\u00f6ld kateg\u00f3ri\u00e1k megnyit\u00e1sa\">belf\u00f6ld<\/a><\/li>\r\n                                    <li><a style=\"background: #0067e5; color: #ffffff\" href=\"https:\/\/bokik.hu\/hirek\/kamara\" aria-label=\"kamara kateg\u00f3ri\u00e1k megnyit\u00e1sa\">kamara<\/a><\/li>\r\n                                    <li><a style=\"background: #0e6497; color: #ffffff\" href=\"https:\/\/bokik.hu\/hirek\/rendezveny\" aria-label=\"rendezv\u00e9ny kateg\u00f3ri\u00e1k megnyit\u00e1sa\">rendezv\u00e9ny<\/a><\/li>\r\n                                <li><span class=\"public-at\">2026. janu\u00e1r 08.<\/span><\/li>\r\n            <\/ul>\r\n                <div class=\"desc\"><p style=\"text-align:justify\">Ism\u00e9t egy fergeteges hangulat\u00fa farsangi j\u00f3t\u00e9konys\u00e1gi b\u00e1lra v\u00e1rja t\u00e1ncos l\u00e1b\u00fa vend\u00e9geit a Borsod-Aba\u00faj-Zempl\u00e9n V\u00e1rmegyei Kereskedelmi \u00e9s Iparkamara \u00e9s az Els\u0151 Miskolci Lions Klub. A mulats\u00e1g 2026. febru\u00e1r 14-\u00e9n, szombaton 19 \u00f3rakor kezd\u0151dik a N\u00e9pkerti Vigad\u00f3ban. A tombola bev\u00e9tele 2026-ban is j\u00f3t\u00e9kony c\u00e9lokat szolg\u00e1l.<\/p><\/div>\r\n    <\/div>\r\n<\/div>        <\/div>\n            <div class=\"col-md-6 col-xs-12 inline-col feed-item\">\n            <div class=\"clearfix\">\r\n    <div class=\"img \">\r\n        <a target=\"blank\" href=\"https:\/\/bokik.hu\/esemenyek\/kulfold\/eu-s-delegacio-thaifoldon-2026-majus-24-29\" title=\"Nemzetk\u00f6zi piacra l\u00e9p\u00e9s: EU-s deleg\u00e1ci\u00f3 Thaif\u00f6ld\u00f6n\" tabindex=\"-1\" aria-hidden=\"true\">\r\n            <img class=\"img-responsive img-center\" src=\"\/uploads\/feed_items\/small-img-thaifex-2026-c-17678842734666.jpg\" alt=\"Nemzetk\u00f6zi piacra l\u00e9p\u00e9s: EU-s deleg\u00e1ci\u00f3 Thaif\u00f6ld\u00f6n\">\n        <\/a>\r\n    <\/div>\r\n    <div class=\"col-xs-7 info\">\r\n        <div class=\"title\" role=\"heading\" aria-level=\"4\"><a target=\"blank\" href=\"https:\/\/bokik.hu\/esemenyek\/kulfold\/eu-s-delegacio-thaifoldon-2026-majus-24-29\">Nemzetk\u00f6zi piacra l\u00e9p\u00e9s: EU-s deleg\u00e1ci\u00f3 Thaif\u00f6ld\u00f6n<\/a><\/div>\r\n                    <ul class=\"categories\">\r\n                                    <li><a style=\"background: #8dc63f; color: #ffffff\" href=\"https:\/\/bokik.hu\/hirek\/donec-urna-turpis\" aria-label=\"k\u00fclf\u00f6ld kateg\u00f3ri\u00e1k megnyit\u00e1sa\">k\u00fclf\u00f6ld<\/a><\/li>\r\n                                    <li><a style=\"background: #557d1f; color: #ffffff\" href=\"https:\/\/bokik.hu\/hirek\/hirek\" aria-label=\"h\u00edrek kateg\u00f3ri\u00e1k megnyit\u00e1sa\">h\u00edrek<\/a><\/li>\r\n                                    <li><a style=\"background: #6423a1; color: #ffffff\" href=\"https:\/\/bokik.hu\/hirek\/szakkiallitas\" aria-label=\"szakki\u00e1ll\u00edt\u00e1s kateg\u00f3ri\u00e1k megnyit\u00e1sa\">szakki\u00e1ll\u00edt\u00e1s<\/a><\/li>\r\n                                <li><span class=\"public-at\">2026. janu\u00e1r 08.<\/span><\/li>\r\n            <\/ul>\r\n                <div class=\"desc\"><p style=\"text-align:justify\">Az uni\u00f3s mez\u0151gazdas\u00e1gi \u00e9s \u00e9lelmiszeripari term\u00e9kek n\u00e9pszer\u0171s\u00edt\u00e9se c\u00e9lj\u00e1b\u00f3l Cristophe Hansen mez\u0151gazdas\u00e1g\u00e9rt \u00e9s \u00e9lelmiszer\u00e9rt felel\u0151s biztos 2026. m\u00e1jus 24-29. k\u00f6z\u00f6tt Thaif\u00f6ldre utazik. A l\u00e1togat\u00e1s c\u00e9lja az uni\u00f3s term\u00e9kek piacra jut\u00e1s\u00e1nak el\u0151seg\u00edt\u00e9se. A deleg\u00e1ci\u00f3hoz csatlakozhatnak az \u00e1gazatban \u00e9rintett v\u00e1llalkoz\u00e1sok. Jelentkez\u00e9si hat\u00e1rid\u0151: janu\u00e1r 15.<\/p><\/div>\r\n    <\/div>\r\n<\/div>        <\/div>\n            <div class=\"col-md-6 col-xs-12 inline-col feed-item\">\n            <div class=\"clearfix\">\r\n    <div class=\"img \">\r\n        <a  href=\"https:\/\/bokik.hu\/hirek\/tobb-mint-650-diak-indul-a-szakmai-versenyeken-varmegyenkben\" title=\"T\u00f6bb mint 650 di\u00e1k indul a szakmai versenyeken v\u00e1rmegy\u00e9nkben\" tabindex=\"-1\" aria-hidden=\"true\">\r\n            <img class=\"img-responsive img-center\" src=\"\/uploads\/feed_items\/small-img-17677884879422.jpg\" alt=\"T\u00f6bb mint 650 di\u00e1k indul a szakmai versenyeken v\u00e1rmegy\u00e9nkben\">\n        <\/a>\r\n    <\/div>\r\n    <div class=\"col-xs-7 info\">\r\n        <div class=\"title\" role=\"heading\" aria-level=\"4\"><a  href=\"https:\/\/bokik.hu\/hirek\/tobb-mint-650-diak-indul-a-szakmai-versenyeken-varmegyenkben\">T\u00f6bb mint 650 di\u00e1k indul a szakmai versenyeken v\u00e1rmegy\u00e9nkben<\/a><\/div>\r\n                    <ul class=\"categories\">\r\n                                    <li><a style=\"background: #423fc6; color: #ffffff\" href=\"https:\/\/bokik.hu\/hirek\/vivamus-non-erat-sit\" aria-label=\"belf\u00f6ld kateg\u00f3ri\u00e1k megnyit\u00e1sa\">belf\u00f6ld<\/a><\/li>\r\n                                    <li><a style=\"background: #d31c03; color: #ffffff\" href=\"https:\/\/bokik.hu\/hirek\/szakkepzes\" aria-label=\"szakk\u00e9pz\u00e9s kateg\u00f3ri\u00e1k megnyit\u00e1sa\">szakk\u00e9pz\u00e9s<\/a><\/li>\r\n                                    <li><a style=\"background: #557d1f; color: #ffffff\" href=\"https:\/\/bokik.hu\/hirek\/hirek\" aria-label=\"h\u00edrek kateg\u00f3ri\u00e1k megnyit\u00e1sa\">h\u00edrek<\/a><\/li>\r\n                                <li><span class=\"public-at\">2026. janu\u00e1r 07.<\/span><\/li>\r\n            <\/ul>\r\n                <div class=\"desc\"><p style=\"text-align:justify\">Kamar\u00e1nk szakk\u00e9pz\u00e9ssel foglalkoz\u00f3 munkat\u00e1rsainak szervez\u0151 \u00e9s koordin\u00e1l\u00f3 munk\u00e1j\u00e1val janu\u00e1r 6-\u00e1n megkezd\u0151dtek v\u00e1rmegy\u00e9nkben a Szakma Kiv\u00e1l\u00f3 Tanul\u00f3ja Verseny (SZKTV) \u00e9s az Orsz\u00e1gos Szakmai Tanulm\u00e1nyi Verseny (OSZTV) ter\u00fcleti el\u0151v\u00e1logat\u00f3i. Az el\u0151v\u00e1logat\u00f3n id\u00e9n \u00f6sszesen 653 tanul\u00f3 vesz r\u00e9szt, akik v\u00e1rmegy\u00e9nk 25 szakk\u00e9pz\u0151iskol\u00e1j\u00e1t \u00e9s technikum\u00e1t k\u00e9pviselve, 41 szakm\u00e1ban m\u00e9rik \u00f6ssze tud\u00e1sukat.<\/p><\/div>\r\n    <\/div>\r\n<\/div>        <\/div>\n            <div class=\"col-md-6 col-xs-12 inline-col feed-item\">\n            <div class=\"clearfix\">\r\n    <div class=\"img \">\r\n        <a  href=\"https:\/\/bokik.hu\/hirek\/efop-plusz-315-25-palyazati-felhivas\" title=\"EFOP Plusz-3.1.5-25 - P\u00e1ly\u00e1zati felh\u00edv\u00e1s\" tabindex=\"-1\" aria-hidden=\"true\">\r\n            <img class=\"img-responsive img-center\" src=\"\/uploads\/feed_items\/small-efop-1767787737259.jpg\" alt=\"EFOP Plusz-3.1.5-25 - P\u00e1ly\u00e1zati felh\u00edv\u00e1s\">\n        <\/a>\r\n    <\/div>\r\n    <div class=\"col-xs-7 info\">\r\n        <div class=\"title\" role=\"heading\" aria-level=\"4\"><a  href=\"https:\/\/bokik.hu\/hirek\/efop-plusz-315-25-palyazati-felhivas\">EFOP Plusz-3.1.5-25 - P\u00e1ly\u00e1zati felh\u00edv\u00e1s<\/a><\/div>\r\n                    <ul class=\"categories\">\r\n                                    <li><a style=\"background: #008516; color: #ffffff\" href=\"https:\/\/bokik.hu\/hirek\/palyazat\" aria-label=\"p\u00e1ly\u00e1zat kateg\u00f3ri\u00e1k megnyit\u00e1sa\">p\u00e1ly\u00e1zat<\/a><\/li>\r\n                                <li><span class=\"public-at\">2026. janu\u00e1r 05.<\/span><\/li>\r\n            <\/ul>\r\n                <div class=\"desc\"><p style=\"text-align:justify\">Megjelent az \"Es\u00e9lym\u0171hely - h\u00e1tr\u00e1nyos helyzet\u0171ek szakmai oktat\u00e1si \u00e9s foglalkoztat\u00f3 m\u0171helye (ESZA+)\" c\u00edm\u0171 (EFOP Plusz-3.1.5-25 k\u00f3dsz\u00e1m\u00fa) felh\u00edv\u00e1s. A t\u00e1mogat\u00e1sra rendelkez\u00e9sre \u00e1ll\u00f3 tervezett keret\u00f6sszeg 4,07 milli\u00e1rd forint.<\/p><\/div>\r\n    <\/div>\r\n<\/div>        <\/div>\n            <div class=\"col-md-6 col-xs-12 inline-col feed-item\">\n            <div class=\"clearfix\">\r\n    <div class=\"img \">\r\n        <a target=\"blank\" href=\"https:\/\/bokik.hu\/esemenyek\/belfold\/szemelyes-markaepites-vezetoknek-workshop-2026-januar-09\" title=\"Ind\u00edtjuk 2026-ot! Aki nem l\u00e1tszik, az nem j\u00e1tszik\" tabindex=\"-1\" aria-hidden=\"true\">\r\n            <img class=\"img-responsive img-center\" src=\"\/uploads\/feed_items\/small-img-strt-akademia-1765979894191.png\" alt=\"Ind\u00edtjuk 2026-ot! Aki nem l\u00e1tszik, az nem j\u00e1tszik\">\n        <\/a>\r\n    <\/div>\r\n    <div class=\"col-xs-7 info\">\r\n        <div class=\"title\" role=\"heading\" aria-level=\"4\"><a target=\"blank\" href=\"https:\/\/bokik.hu\/esemenyek\/belfold\/szemelyes-markaepites-vezetoknek-workshop-2026-januar-09\">Ind\u00edtjuk 2026-ot! Aki nem l\u00e1tszik, az nem j\u00e1tszik<\/a><\/div>\r\n                    <ul class=\"categories\">\r\n                                    <li><a style=\"background: #423fc6; color: #ffffff\" href=\"https:\/\/bokik.hu\/hirek\/vivamus-non-erat-sit\" aria-label=\"belf\u00f6ld kateg\u00f3ri\u00e1k megnyit\u00e1sa\">belf\u00f6ld<\/a><\/li>\r\n                                    <li><a style=\"background: #296e79; color: #ffffff\" href=\"https:\/\/bokik.hu\/hirek\/eloadas\" aria-label=\"el\u0151ad\u00e1s kateg\u00f3ri\u00e1k megnyit\u00e1sa\">el\u0151ad\u00e1s<\/a><\/li>\r\n                                    <li><a style=\"background: #364dd2; color: #ffffff\" href=\"https:\/\/bokik.hu\/hirek\/gazdasag\" aria-label=\"gazdas\u00e1g kateg\u00f3ri\u00e1k megnyit\u00e1sa\">gazdas\u00e1g<\/a><\/li>\r\n                                <li><span class=\"public-at\">2026. janu\u00e1r 05.<\/span><\/li>\r\n            <\/ul>\r\n                <div class=\"desc\"><p style=\"text-align:justify\">K\u00fcl\u00f6nleges szakmai napra invit\u00e1lja kamar\u00e1nk a v\u00e1llalkoz\u00f3kat 2026. janu\u00e1r 9-\u00e9n, p\u00e9nteken a BOKIK sz\u00e9kh\u00e1zba. A rendezv\u00e9ny k\u00f6zponti t\u00e9m\u00e1ja a szem\u00e9lyes m\u00e1rka\u00e9p\u00edt\u00e9s. Olyan orsz\u00e1gosan j\u00f3l ismert el\u0151ad\u00f3kt\u00f3l tanulhatnak a r\u00e9sztvev\u0151 v\u00e1llalkoz\u00f3k, mint Balogh Petya angyalbefektet\u0151, technol\u00f3gus, v\u00e1llalkoz\u00f3, Dull Szabolcs \u00fajs\u00e1g\u00edr\u00f3, jog\u00e1sz \u00e9s tan\u00e1r, M. Sz\u0171cs P\u00e9ter szerkeszt\u0151-m\u0171sorvezet\u0151 \u00e9s P. T\u00f3th Andr\u00e1s, az STRT technol\u00f3giai igazgat\u00f3ja. Ez egy kihagyhatatlan nap!<\/p><\/div>\r\n    <\/div>\r\n<\/div>        <\/div>\n            <div class=\"col-md-6 col-xs-12 inline-col feed-item\">\n            <div class=\"clearfix\">\r\n    <div class=\"img \">\r\n        <a  href=\"https:\/\/bokik.hu\/hirek\/januar-elsejevel-bezart-kamarank-ozdi-kepviselete\" title=\"Janu\u00e1r elsej\u00e9vel bez\u00e1rt kamar\u00e1nk \u00f3zdi k\u00e9pviselete\" tabindex=\"-1\" aria-hidden=\"true\">\r\n            <img class=\"img-responsive img-center\" src=\"\/uploads\/feed_items\/small-img-zar-lat-c-17649245338398.jpg\" alt=\"Janu\u00e1r elsej\u00e9vel bez\u00e1rt kamar\u00e1nk \u00f3zdi k\u00e9pviselete\">\n        <\/a>\r\n    <\/div>\r\n    <div class=\"col-xs-7 info\">\r\n        <div class=\"title\" role=\"heading\" aria-level=\"4\"><a  href=\"https:\/\/bokik.hu\/hirek\/januar-elsejevel-bezart-kamarank-ozdi-kepviselete\">Janu\u00e1r elsej\u00e9vel bez\u00e1rt kamar\u00e1nk \u00f3zdi k\u00e9pviselete<\/a><\/div>\r\n                    <ul class=\"categories\">\r\n                                    <li><a style=\"background: #423fc6; color: #ffffff\" href=\"https:\/\/bokik.hu\/hirek\/vivamus-non-erat-sit\" aria-label=\"belf\u00f6ld kateg\u00f3ri\u00e1k megnyit\u00e1sa\">belf\u00f6ld<\/a><\/li>\r\n                                    <li><a style=\"background: #557d1f; color: #ffffff\" href=\"https:\/\/bokik.hu\/hirek\/hirek\" aria-label=\"h\u00edrek kateg\u00f3ri\u00e1k megnyit\u00e1sa\">h\u00edrek<\/a><\/li>\r\n                                    <li><a style=\"background: #0067e5; color: #ffffff\" href=\"https:\/\/bokik.hu\/hirek\/kamara\" aria-label=\"kamara kateg\u00f3ri\u00e1k megnyit\u00e1sa\">kamara<\/a><\/li>\r\n                                <li><span class=\"public-at\">2026. janu\u00e1r 05.<\/span><\/li>\r\n            <\/ul>\r\n                <div class=\"desc\"><p style=\"text-align:justify\">T\u00e1j\u00e9koztatjuk \u00d6n\u00f6ket, hogy a Borsod-Aba\u00faj-Zempl\u00e9n V\u00e1rmegyei Kereskedelmi \u00e9s Iparkamara \u00d3zdi K\u00e9pviselete 2026. janu\u00e1r 1-j\u00e9vel bez\u00e1rt. Ez az irod\u00e1nk t\u00f6bb \u00e9vtizeden \u00e1t fontos szerepet t\u00f6lt\u00f6tt be a t\u00e9rs\u00e9g v\u00e1llalkoz\u00f3inak t\u00e1mogat\u00e1s\u00e1ban. Kamar\u00e1nk ez\u00faton is k\u00f6sz\u00f6net\u00e9t fejezi ki mindazoknak, akik az elm\u00falt \u00e9vekben seg\u00edtett\u00e9k a k\u00e9pviselet munk\u00e1j\u00e1t.<\/p><\/div>\r\n    <\/div>\r\n<\/div>        <\/div>\n            <div class=\"col-md-6 col-xs-12 inline-col feed-item\">\n            <div class=\"clearfix\">\r\n    <div class=\"img \">\r\n        <a target=\"blank\" href=\"https:\/\/bokik.hu\/esemenyek\/belfold\/gundel-takacs-gabor-komfortzonan-innen-es-tul-2026-januar-15\" title=\"Komfortz\u00f3n\u00e1n innen \u00e9s t\u00fal\" tabindex=\"-1\" aria-hidden=\"true\">\r\n            <img class=\"img-responsive img-center\" src=\"\/uploads\/feed_items\/small-img-gundel-takacs-gabor-c-1766137895918.jpg\" alt=\"Komfortz\u00f3n\u00e1n innen \u00e9s t\u00fal\">\n        <\/a>\r\n    <\/div>\r\n    <div class=\"col-xs-7 info\">\r\n        <div class=\"title\" role=\"heading\" aria-level=\"4\"><a target=\"blank\" href=\"https:\/\/bokik.hu\/esemenyek\/belfold\/gundel-takacs-gabor-komfortzonan-innen-es-tul-2026-januar-15\">Komfortz\u00f3n\u00e1n innen \u00e9s t\u00fal<\/a><\/div>\r\n                    <ul class=\"categories\">\r\n                                    <li><a style=\"background: #296e79; color: #ffffff\" href=\"https:\/\/bokik.hu\/hirek\/eloadas\" aria-label=\"el\u0151ad\u00e1s kateg\u00f3ri\u00e1k megnyit\u00e1sa\">el\u0151ad\u00e1s<\/a><\/li>\r\n                                    <li><a style=\"background: #557d1f; color: #ffffff\" href=\"https:\/\/bokik.hu\/hirek\/miskolc\" aria-label=\"Miskolc kateg\u00f3ri\u00e1k megnyit\u00e1sa\">Miskolc<\/a><\/li>\r\n                                    <li><a style=\"background: #517b6d; color: #ffffff\" href=\"https:\/\/bokik.hu\/hirek\/vfp\" aria-label=\"VFP kateg\u00f3ri\u00e1k megnyit\u00e1sa\">VFP<\/a><\/li>\r\n                                <li><span class=\"public-at\">2025. december 19.<\/span><\/li>\r\n            <\/ul>\r\n                <div class=\"desc\"><p style=\"text-align:justify\">Gundel Tak\u00e1cs G\u00e1bor \u00fajs\u00e1g\u00edr\u00f3, m\u0171sorvezet\u0151 lesz a vend\u00e9g\u00fcnk a BOKIK sz\u00e9kh\u00e1zban 2026. janu\u00e1r 15-\u00e9n, cs\u00fct\u00f6rt\u00f6k\u00f6n 10 \u00f3r\u00e1t\u00f3l. A \"Komfortz\u00f3n\u00e1n innen \u00e9s t\u00fal\" c\u00edm\u0171 el\u0151ad\u00e1s a t\u00f6bb mint 1600 telev\u00edzi\u00f3s vet\u00e9lked\u0151 m\u0171sorvezet\u00e9se \u00e9s t\u00f6bb ezer sportesem\u00e9ny k\u00f6zvet\u00edt\u00e9se kapcs\u00e1n szerzett tapasztalatot dolgozza fel. A r\u00e9szv\u00e9tel d\u00edjmentes, de regisztr\u00e1ci\u00f3hoz k\u00f6t\u00f6tt.<\/p><\/div>\r\n    <\/div>\r\n<\/div>        <\/div>\n            <div class=\"col-md-6 col-xs-12 inline-col feed-item\">\n            <div class=\"clearfix\">\r\n    <div class=\"img \">\r\n        <a  href=\"https:\/\/bokik.hu\/hirek\/unnepi-udvozlet-a-kamaratol\" title=\"\u00dcnnepi \u00fcdv\u00f6zlet a kamar\u00e1t\u00f3l\" tabindex=\"-1\" aria-hidden=\"true\">\r\n            <img class=\"img-responsive img-center\" src=\"\/uploads\/feed_items\/small-bokik-logo-2024-magy-feh-c-17713402459929.jpg\" alt=\"\u00dcnnepi \u00fcdv\u00f6zlet a kamar\u00e1t\u00f3l\">\n        <\/a>\r\n    <\/div>\r\n    <div class=\"col-xs-7 info\">\r\n        <div class=\"title\" role=\"heading\" aria-level=\"4\"><a  href=\"https:\/\/bokik.hu\/hirek\/unnepi-udvozlet-a-kamaratol\">\u00dcnnepi \u00fcdv\u00f6zlet a kamar\u00e1t\u00f3l<\/a><\/div>\r\n                    <ul class=\"categories\">\r\n                                    <li><a style=\"background: #423fc6; color: #ffffff\" href=\"https:\/\/bokik.hu\/hirek\/vivamus-non-erat-sit\" aria-label=\"belf\u00f6ld kateg\u00f3ri\u00e1k megnyit\u00e1sa\">belf\u00f6ld<\/a><\/li>\r\n                                    <li><a style=\"background: #0067e5; color: #ffffff\" href=\"https:\/\/bokik.hu\/hirek\/kamara\" aria-label=\"kamara kateg\u00f3ri\u00e1k megnyit\u00e1sa\">kamara<\/a><\/li>\r\n                                    <li><a style=\"background: #008516; color: #ffffff\" href=\"https:\/\/bokik.hu\/hirek\/unnep\" aria-label=\"\u00fcnnep kateg\u00f3ri\u00e1k megnyit\u00e1sa\">\u00fcnnep<\/a><\/li>\r\n                                <li><span class=\"public-at\">2025. december 17.<\/span><\/li>\r\n            <\/ul>\r\n                <div class=\"desc\"><p style=\"text-align:justify\">K\u00f6sz\u00f6nj\u00fck v\u00e1rmegy\u00e9nk v\u00e1llalkoz\u00f3inak, \u00fcgyfeleinknek az eg\u00e9sz \u00e9ves bizalmat, a k\u00f6z\u00f6s munk\u00e1t, azt az aktivit\u00e1st, amellyel seg\u00edtett\u00e9k programjaink megval\u00f3s\u00edt\u00e1s\u00e1t. Szeretn\u00e9nk ezt az egyre b\u0151v\u00fcl\u0151 egy\u00fcttm\u0171k\u00f6d\u00e9st 2026-ban folytatni, er\u0151s\u00edteni. Tov\u00e1bbra is sz\u00e1m\u00edtunk megtisztel\u0151 partners\u00e9g\u00fckre.<\/p><\/div>\r\n    <\/div>\r\n<\/div>        <\/div>\n    <\/div>\n\n<ul class=\"pagination text-center\">\r\n                    <li class=\"left\"><a aria-label=\"El\u0151z\u0151\" href=\"https:\/\/bokik.hu\/api\/feeds\/page?page=9\" rel=\"nofollow\"><i aria-hidden=\"true\" class=\"icon icon-arrow-flat-left\"><\/i><\/a><\/li>\r\n        \r\n                    \r\n                                                                        <li><a href=\"https:\/\/bokik.hu\/api\/feeds\/page?page=1\" rel=\"nofollow\" aria-label=\"1. oldal bet\u00f6lt\u00e9se\">01<\/a><\/li>\r\n                                                                                <li><a href=\"https:\/\/bokik.hu\/api\/feeds\/page?page=2\" rel=\"nofollow\" aria-label=\"2. oldal bet\u00f6lt\u00e9se\">02<\/a><\/li>\r\n                                                                                    <li class=\"disabled\"><span>...<\/span><\/li>\r\n            \r\n                                \r\n                                                                        <li><a href=\"https:\/\/bokik.hu\/api\/feeds\/page?page=7\" rel=\"nofollow\" aria-label=\"7. oldal bet\u00f6lt\u00e9se\">07<\/a><\/li>\r\n                                                                                <li><a href=\"https:\/\/bokik.hu\/api\/feeds\/page?page=8\" rel=\"nofollow\" aria-label=\"8. oldal bet\u00f6lt\u00e9se\">08<\/a><\/li>\r\n                                                                                <li><a href=\"https:\/\/bokik.hu\/api\/feeds\/page?page=9\" rel=\"nofollow\" aria-label=\"9. oldal bet\u00f6lt\u00e9se\">09<\/a><\/li>\r\n                                                                                <li class=\"active\"><span>10<\/span><\/li>\r\n                                                                                <li><a href=\"https:\/\/bokik.hu\/api\/feeds\/page?page=11\" rel=\"nofollow\" aria-label=\"11. oldal bet\u00f6lt\u00e9se\">11<\/a><\/li>\r\n                                                                                <li><a href=\"https:\/\/bokik.hu\/api\/feeds\/page?page=12\" rel=\"nofollow\" aria-label=\"12. oldal bet\u00f6lt\u00e9se\">12<\/a><\/li>\r\n                                                                                <li><a href=\"https:\/\/bokik.hu\/api\/feeds\/page?page=13\" rel=\"nofollow\" aria-label=\"13. oldal bet\u00f6lt\u00e9se\">13<\/a><\/li>\r\n                                                                                    <li class=\"disabled\"><span>...<\/span><\/li>\r\n            \r\n                                \r\n                                                                        <li><a href=\"https:\/\/bokik.hu\/api\/feeds\/page?page=201\" rel=\"nofollow\" aria-label=\"201. oldal bet\u00f6lt\u00e9se\">201<\/a><\/li>\r\n                                                                                <li><a href=\"https:\/\/bokik.hu\/api\/feeds\/page?page=202\" rel=\"nofollow\" aria-label=\"202. oldal bet\u00f6lt\u00e9se\">202<\/a><\/li>\r\n                                                        \r\n                    <li class=\"right\"><a aria-label=\"K\u00f6vetkez\u0151\" href=\"https:\/\/bokik.hu\/api\/feeds\/page?page=11\" rel=\"nofollow\"><i aria-hidden=\"true\" class=\"icon icon-arrow-flat-right\"><\/i><\/a><\/li>\r\n            <\/ul>\r\n\n","page":"10"}