{"content":"<div class=\"row inline-row\">\n                <div class=\"col-md-6 col-xs-12 inline-col feed-item\">\n            <div class=\"clearfix\">\r\n    <div class=\"img \">\r\n        <a  href=\"https:\/\/bokik.hu\/hirek\/lorinc-akos-az-erv-zrt-vezerigazgatoja-kapta-iden-a-top-100-gazdasagi-dijat\" title=\"L\u0151rinc \u00c1kos, az \u00c9RV Zrt. vez\u00e9rigazgat\u00f3ja kapta id\u00e9n a TOP 100 Gazdas\u00e1gi d\u00edjat!\" tabindex=\"-1\" aria-hidden=\"true\">\r\n            <img class=\"img-responsive img-center\" src=\"\/uploads\/feed_items\/small-thumb-2025-11-27-17643305004382.jpg\" alt=\"L\u0151rinc \u00c1kos, az \u00c9RV Zrt. vez\u00e9rigazgat\u00f3ja kapta id\u00e9n a TOP 100 Gazdas\u00e1gi d\u00edjat!\">\n        <\/a>\r\n    <\/div>\r\n    <div class=\"col-xs-7 info\">\r\n        <div class=\"title\" role=\"heading\" aria-level=\"4\"><a  href=\"https:\/\/bokik.hu\/hirek\/lorinc-akos-az-erv-zrt-vezerigazgatoja-kapta-iden-a-top-100-gazdasagi-dijat\">L\u0151rinc \u00c1kos, az \u00c9RV Zrt. vez\u00e9rigazgat\u00f3ja kapta id\u00e9n a TOP 100 Gazdas\u00e1gi d\u00edjat!<\/a><\/div>\r\n                    <ul class=\"categories\">\r\n                                    <li><a style=\"background: #296e79; color: #ffffff\" href=\"https:\/\/bokik.hu\/hirek\/eloadas\" aria-label=\"el\u0151ad\u00e1s kateg\u00f3ri\u00e1k megnyit\u00e1sa\">el\u0151ad\u00e1s<\/a><\/li>\r\n                                    <li><a style=\"background: #364dd2; color: #ffffff\" href=\"https:\/\/bokik.hu\/hirek\/gazdasag\" aria-label=\"gazdas\u00e1g kateg\u00f3ri\u00e1k megnyit\u00e1sa\">gazdas\u00e1g<\/a><\/li>\r\n                                    <li><a style=\"background: #9d6700; color: #ffffff\" href=\"https:\/\/bokik.hu\/hirek\/dij\" aria-label=\"d\u00edj kateg\u00f3ri\u00e1k megnyit\u00e1sa\">d\u00edj<\/a><\/li>\r\n                                <li><span class=\"public-at\">2025. november 28.<\/span><\/li>\r\n            <\/ul>\r\n                <div class=\"desc\"><p style=\"text-align:justify\">A v\u00e1rmegye legnagyobb \u00e9s legrangosabb gazdas\u00e1gi esem\u00e9nye, a TOP 100 gazdas\u00e1gi f\u00f3rum, amelyet imm\u00e1r k\u00e9t \u00e9vtizede rendez meg kamar\u00e1nk a Nemzeti Ad\u00f3-\u00e9s V\u00e1mhivatal Borsod-Aba\u00faj-Zempl\u00e9n V\u00e1rmegyei Ad\u00f3- \u00e9s V\u00e1migazgat\u00f3s\u00e1g\u00e1val \u00e9s az \u00c9szak-Magyarorsz\u00e1g napilappal k\u00f6z\u00f6sen. A november 27-\u00e9n megtartott gazdas\u00e1gi f\u00f3rum vezet\u0151 el\u0151ad\u00f3ja Lantos Csaba energia\u00fcgyi miniszter volt.<\/p><\/div>\r\n    <\/div>\r\n<\/div>        <\/div>\n            <div class=\"col-md-6 col-xs-12 inline-col feed-item\">\n            <div class=\"clearfix\">\r\n    <div class=\"img \">\r\n        <a  href=\"https:\/\/bokik.hu\/hirek\/atadtak-csr-hungary-dijakat\" title=\"\u00c1tadt\u00e1k CSR Hungary D\u00edjakat\" tabindex=\"-1\" aria-hidden=\"true\">\r\n            <img class=\"img-responsive img-center\" src=\"\/uploads\/feed_items\/small-img-csoportkep-nyertesek-csrhd2025-c-17640750939759.jpg\" alt=\"\u00c1tadt\u00e1k CSR Hungary D\u00edjakat\">\n        <\/a>\r\n    <\/div>\r\n    <div class=\"col-xs-7 info\">\r\n        <div class=\"title\" role=\"heading\" aria-level=\"4\"><a  href=\"https:\/\/bokik.hu\/hirek\/atadtak-csr-hungary-dijakat\">\u00c1tadt\u00e1k CSR Hungary D\u00edjakat<\/a><\/div>\r\n                    <ul class=\"categories\">\r\n                                    <li><a style=\"background: #423fc6; color: #ffffff\" href=\"https:\/\/bokik.hu\/hirek\/vivamus-non-erat-sit\" aria-label=\"belf\u00f6ld kateg\u00f3ri\u00e1k megnyit\u00e1sa\">belf\u00f6ld<\/a><\/li>\r\n                                    <li><a style=\"background: #364dd2; color: #ffffff\" href=\"https:\/\/bokik.hu\/hirek\/gazdasag\" aria-label=\"gazdas\u00e1g kateg\u00f3ri\u00e1k megnyit\u00e1sa\">gazdas\u00e1g<\/a><\/li>\r\n                                    <li><a style=\"background: #9d6700; color: #ffffff\" href=\"https:\/\/bokik.hu\/hirek\/dij\" aria-label=\"d\u00edj kateg\u00f3ri\u00e1k megnyit\u00e1sa\">d\u00edj<\/a><\/li>\r\n                                <li><span class=\"public-at\">2025. november 25.<\/span><\/li>\r\n            <\/ul>\r\n                <div class=\"desc\"><p style=\"text-align:justify\">2025-ben imm\u00e1r 18. alkalommal ker\u00fclt sor a Magyar \u00dczleti Felel\u0151ss\u00e9g D\u00edj, a CSR Hungary D\u00edj \u00fcnnep\u00e9lyes \u00e1tad\u00f3j\u00e1ra 2025. november 21-\u00e9n. A v\u00e9djegyszerz\u0151 nyertesek k\u00f6z\u00f6tt tal\u00e1lhat\u00f3 nagyv\u00e1llalat \u00e9s KKV, magyar \u00e9s k\u00fclf\u00f6ldi \u00e9rdekelts\u00e9g\u0171 c\u00e9g, budapesti \u00e9s nem budapesti v\u00e1llalat egyar\u00e1nt. V\u00e1rmegy\u00e9nkb\u0151l a BorsodChem lett d\u00edjazott.<\/p><\/div>\r\n    <\/div>\r\n<\/div>        <\/div>\n            <div class=\"col-md-6 col-xs-12 inline-col feed-item\">\n            <div class=\"clearfix\">\r\n    <div class=\"img \">\r\n        <a  href=\"https:\/\/bokik.hu\/hirek\/ipari-jovokep-veszpremben-mechatronikai-es-jarmuipari-klasztertalalkozo\" title=\"Ipari j\u00f6v\u0151k\u00e9p Veszpr\u00e9mben: mechatronikai \u00e9s j\u00e1rm\u0171ipari klasztertal\u00e1lkoz\u00f3\" tabindex=\"-1\" aria-hidden=\"true\">\r\n            <img class=\"img-responsive img-center\" src=\"\/uploads\/feed_items\/small-18-img-8374-1774604886491.jpg\" alt=\"Ipari j\u00f6v\u0151k\u00e9p Veszpr\u00e9mben: mechatronikai \u00e9s j\u00e1rm\u0171ipari klasztertal\u00e1lkoz\u00f3\">\n        <\/a>\r\n    <\/div>\r\n    <div class=\"col-xs-7 info\">\r\n        <div class=\"title\" role=\"heading\" aria-level=\"4\"><a  href=\"https:\/\/bokik.hu\/hirek\/ipari-jovokep-veszpremben-mechatronikai-es-jarmuipari-klasztertalalkozo\">Ipari j\u00f6v\u0151k\u00e9p Veszpr\u00e9mben: mechatronikai \u00e9s j\u00e1rm\u0171ipari klasztertal\u00e1lkoz\u00f3<\/a><\/div>\r\n                    <ul class=\"categories\">\r\n                                    <li><a style=\"background: #423fc6; color: #ffffff\" href=\"https:\/\/bokik.hu\/hirek\/vivamus-non-erat-sit\" aria-label=\"belf\u00f6ld kateg\u00f3ri\u00e1k megnyit\u00e1sa\">belf\u00f6ld<\/a><\/li>\r\n                                    <li><a style=\"background: #364dd2; color: #ffffff\" href=\"https:\/\/bokik.hu\/hirek\/gazdasag\" aria-label=\"gazdas\u00e1g kateg\u00f3ri\u00e1k megnyit\u00e1sa\">gazdas\u00e1g<\/a><\/li>\r\n                                    <li><a style=\"background: #0e6497; color: #ffffff\" href=\"https:\/\/bokik.hu\/hirek\/rendezveny\" aria-label=\"rendezv\u00e9ny kateg\u00f3ri\u00e1k megnyit\u00e1sa\">rendezv\u00e9ny<\/a><\/li>\r\n                                <li><span class=\"public-at\">2025. november 24.<\/span><\/li>\r\n            <\/ul>\r\n                <div class=\"desc\"><p style=\"text-align:justify\">2025. november 20-21-\u00e9n a KDRI\u00dc Nonprofit Kft. \u00e9s a Veszpr\u00e9m V\u00e1rmegyei Kereskedelmi \u00e9s Iparkamara (VKIK) a Borsod-Aba\u00faj-Zempl\u00e9n V\u00e1rmegyei Kereskedelmi \u00e9s Iparkamara (BOKIK) \u00e9s a P\u00e9cs-Baranyai Kereskedelmi \u00e9s Iparkamara (PBKIK) k\u00f6zrem\u0171k\u00f6d\u00e9s\u00e9vel Mechatronikai \u00e9s J\u00e1rm\u0171ipari Klasztertal\u00e1lkoz\u00f3t szervezett Veszpr\u00e9mben.<\/p><\/div>\r\n    <\/div>\r\n<\/div>        <\/div>\n            <div class=\"col-md-6 col-xs-12 inline-col feed-item\">\n            <div class=\"clearfix\">\r\n    <div class=\"img \">\r\n        <a target=\"blank\" href=\"https:\/\/bokik.hu\/esemenyek\/belfold\/turisztikai-innovacios-nap-2025-2025-november-25\" title=\"Turisztikai Innov\u00e1ci\u00f3s Nap\" tabindex=\"-1\" aria-hidden=\"true\">\r\n            <img class=\"img-responsive img-center\" src=\"\/uploads\/feed_items\/small-img-turisztikai-2025-c-17637989440022.jpg\" alt=\"Turisztikai Innov\u00e1ci\u00f3s Nap\">\n        <\/a>\r\n    <\/div>\r\n    <div class=\"col-xs-7 info\">\r\n        <div class=\"title\" role=\"heading\" aria-level=\"4\"><a target=\"blank\" href=\"https:\/\/bokik.hu\/esemenyek\/belfold\/turisztikai-innovacios-nap-2025-2025-november-25\">Turisztikai Innov\u00e1ci\u00f3s Nap<\/a><\/div>\r\n                    <ul class=\"categories\">\r\n                                    <li><a style=\"background: #557d1f; color: #ffffff\" href=\"https:\/\/bokik.hu\/hirek\/turizmus\" aria-label=\"turizmus kateg\u00f3ri\u00e1k megnyit\u00e1sa\">turizmus<\/a><\/li>\r\n                                    <li><a style=\"background: #557d1f; color: #ffffff\" href=\"https:\/\/bokik.hu\/hirek\/miskolc\" aria-label=\"Miskolc kateg\u00f3ri\u00e1k megnyit\u00e1sa\">Miskolc<\/a><\/li>\r\n                                    <li><a style=\"background: #0e6497; color: #ffffff\" href=\"https:\/\/bokik.hu\/hirek\/rendezveny\" aria-label=\"rendezv\u00e9ny kateg\u00f3ri\u00e1k megnyit\u00e1sa\">rendezv\u00e9ny<\/a><\/li>\r\n                                <li><span class=\"public-at\">2025. november 21.<\/span><\/li>\r\n            <\/ul>\r\n                <div class=\"desc\"><p style=\"text-align:justify\">A Miskolc \u00e9s T\u00e9rs\u00e9ge Turisztikai Egyes\u00fclet - a kamara t\u00e1mogat\u00e1s\u00e1val - Turisztikai Innov\u00e1ci\u00f3s Nap 2025 c\u00edmmel szervez rendezv\u00e9nyt. Az esem\u00e9nyen sz\u00f3 lesz a turizmus j\u00f6v\u0151j\u00e9t form\u00e1l\u00f3 innov\u00e1ci\u00f3kr\u00f3l, technol\u00f3gi\u00e1kr\u00f3l, trendekr\u0151l \u00e9s gyakorlati megold\u00e1sokr\u00f3l. A program id\u0151pontja: 2025. november 25. (kedd), helysz\u00edne: a&nbsp; V\u00e1rosh\u00e1za D\u00edszterme (Miskolc, V\u00e1rosh\u00e1z t\u00e9r 8.)<\/p><\/div>\r\n    <\/div>\r\n<\/div>        <\/div>\n            <div class=\"col-md-6 col-xs-12 inline-col feed-item\">\n            <div class=\"clearfix\">\r\n    <div class=\"img \">\r\n        <a target=\"blank\" href=\"https:\/\/bokik.hu\/esemenyek\/belfold\/digitalis-ebreszto-szeminarium-2025-december-04\" title=\"Digit\u00e1lis \u00c9breszt\u0151 KKV-knak\" tabindex=\"-1\" aria-hidden=\"true\">\r\n            <img class=\"img-responsive img-center\" src=\"\/uploads\/feed_items\/small-img-ai-kep-176364990137.jpg\" alt=\"Digit\u00e1lis \u00c9breszt\u0151 KKV-knak\">\n        <\/a>\r\n    <\/div>\r\n    <div class=\"col-xs-7 info\">\r\n        <div class=\"title\" role=\"heading\" aria-level=\"4\"><a target=\"blank\" href=\"https:\/\/bokik.hu\/esemenyek\/belfold\/digitalis-ebreszto-szeminarium-2025-december-04\">Digit\u00e1lis \u00c9breszt\u0151 KKV-knak<\/a><\/div>\r\n                    <ul class=\"categories\">\r\n                                    <li><a style=\"background: #423fc6; color: #ffffff\" href=\"https:\/\/bokik.hu\/hirek\/vivamus-non-erat-sit\" aria-label=\"belf\u00f6ld kateg\u00f3ri\u00e1k megnyit\u00e1sa\">belf\u00f6ld<\/a><\/li>\r\n                                    <li><a style=\"background: #296e79; color: #ffffff\" href=\"https:\/\/bokik.hu\/hirek\/eloadas\" aria-label=\"el\u0151ad\u00e1s kateg\u00f3ri\u00e1k megnyit\u00e1sa\">el\u0151ad\u00e1s<\/a><\/li>\r\n                                    <li><a style=\"background: #364dd2; color: #ffffff\" href=\"https:\/\/bokik.hu\/hirek\/gazdasag\" aria-label=\"gazdas\u00e1g kateg\u00f3ri\u00e1k megnyit\u00e1sa\">gazdas\u00e1g<\/a><\/li>\r\n                                <li><span class=\"public-at\">2025. november 20.<\/span><\/li>\r\n            <\/ul>\r\n                <div class=\"desc\"><p style=\"text-align:justify\">A Modern V\u00e1llalkoz\u00e1sok Programja 2.0 (MVP 2.0) gyakorlatorient\u00e1lt tud\u00e1st \u00e9s t\u00e1mogat\u00e1st k\u00edn\u00e1l a kkv-k digit\u00e1lis fejl\u0151d\u00e9s\u00e9hez, versenyk\u00e9pess\u00e9g\u00fck n\u00f6vel\u00e9s\u00e9hez. A program soronk\u00f6vetkez\u0151: \"Digit\u00e1lis \u00c9breszt\u0151!\" c\u00edm\u0171 mesters\u00e9ges intelligencia szemin\u00e1riuma is ezt szolg\u00e1lja Miskolcon. A szemin\u00e1rium id\u0151pontja: 2025. december 04. (cs\u00fct\u00f6rt\u00f6k) 10.00-14.00 \u00f3ra. Helysz\u00edne: a BOKIK Sz\u00e9kh\u00e1z 4. emeleti konferenciaterme.<\/p><\/div>\r\n    <\/div>\r\n<\/div>        <\/div>\n            <div class=\"col-md-6 col-xs-12 inline-col feed-item\">\n            <div class=\"clearfix\">\r\n    <div class=\"img \">\r\n        <a  href=\"https:\/\/bokik.hu\/hirek\/meg-lehet-jelentkezni-az-orszagos-szakmai-versenyekre\" title=\"M\u00e9g lehet jelentkezni az orsz\u00e1gos szakmai versenyekre\" tabindex=\"-1\" aria-hidden=\"true\">\r\n            <img class=\"img-responsive img-center\" src=\"\/uploads\/feed_items\/small-img-tanulo-c-17635648557917.jpg\" alt=\"M\u00e9g lehet jelentkezni az orsz\u00e1gos szakmai versenyekre\">\n        <\/a>\r\n    <\/div>\r\n    <div class=\"col-xs-7 info\">\r\n        <div class=\"title\" role=\"heading\" aria-level=\"4\"><a  href=\"https:\/\/bokik.hu\/hirek\/meg-lehet-jelentkezni-az-orszagos-szakmai-versenyekre\">M\u00e9g lehet jelentkezni az orsz\u00e1gos szakmai versenyekre<\/a><\/div>\r\n                    <ul class=\"categories\">\r\n                                    <li><a style=\"background: #423fc6; color: #ffffff\" href=\"https:\/\/bokik.hu\/hirek\/vivamus-non-erat-sit\" aria-label=\"belf\u00f6ld kateg\u00f3ri\u00e1k megnyit\u00e1sa\">belf\u00f6ld<\/a><\/li>\r\n                                    <li><a style=\"background: #d31c03; color: #ffffff\" href=\"https:\/\/bokik.hu\/hirek\/szakkepzes\" aria-label=\"szakk\u00e9pz\u00e9s kateg\u00f3ri\u00e1k megnyit\u00e1sa\">szakk\u00e9pz\u00e9s<\/a><\/li>\r\n                                    <li><a style=\"background: #77b0dc; color: #ffffff\" href=\"https:\/\/bokik.hu\/hirek\/verseny\" aria-label=\"verseny kateg\u00f3ri\u00e1k megnyit\u00e1sa\">verseny<\/a><\/li>\r\n                                <li><span class=\"public-at\">2025. november 19.<\/span><\/li>\r\n            <\/ul>\r\n                <div class=\"desc\"><p style=\"text-align:justify\">A 2025\/2026. tan\u00e9v Szakma Kiv\u00e1l\u00f3 Tanul\u00f3ja Verseny\u00e9re (SZKTV) \u00e9s az Orsz\u00e1gos Szakmai Tanulm\u00e1nyi Versenyre (OSZTV) november 27. cs\u00fct\u00f6rt\u00f6kig jelentkezhetnek a fiatalok. A Kultur\u00e1lis \u00e9s Innov\u00e1ci\u00f3s Miniszt\u00e9rium (KIM), valamint a Magyar Kereskedelmi \u00e9s Iparkamara (MKIK) \u00e1ltal k\u00f6z\u00f6sen szervezett megm\u00e9rettet\u00e9s c\u00e9lja a hazai szakk\u00e9pz\u00e9s sz\u00ednvonal\u00e1nak emel\u00e9se, a tehets\u00e9gek t\u00e1mogat\u00e1sa, valamint a gyakorlatig\u00e9nyes szakm\u00e1k n\u00e9pszer\u0171s\u00edt\u00e9se a v\u00e9gz\u0151s tanul\u00f3k k\u00f6r\u00e9ben.<\/p><\/div>\r\n    <\/div>\r\n<\/div>        <\/div>\n            <div class=\"col-md-6 col-xs-12 inline-col feed-item\">\n            <div class=\"clearfix\">\r\n    <div class=\"img \">\r\n        <a target=\"blank\" href=\"https:\/\/bokik.hu\/esemenyek\/belfold\/top-100-gazdasagi-forum-2025-november-27\" title=\"TOP 100 Gazdas\u00e1gi F\u00f3rum - 2025\" tabindex=\"-1\" aria-hidden=\"true\">\r\n            <img class=\"img-responsive img-center\" src=\"\/uploads\/feed_items\/small-meghivo-top100-2025-ceges-fejlec-17635589505309.png\" alt=\"TOP 100 Gazdas\u00e1gi F\u00f3rum - 2025\">\n        <\/a>\r\n    <\/div>\r\n    <div class=\"col-xs-7 info\">\r\n        <div class=\"title\" role=\"heading\" aria-level=\"4\"><a target=\"blank\" href=\"https:\/\/bokik.hu\/esemenyek\/belfold\/top-100-gazdasagi-forum-2025-november-27\">TOP 100 Gazdas\u00e1gi F\u00f3rum - 2025<\/a><\/div>\r\n                    <ul class=\"categories\">\r\n                                    <li><a style=\"background: #364dd2; color: #ffffff\" href=\"https:\/\/bokik.hu\/hirek\/gazdasag\" aria-label=\"gazdas\u00e1g kateg\u00f3ri\u00e1k megnyit\u00e1sa\">gazdas\u00e1g<\/a><\/li>\r\n                                    <li><a style=\"background: #557d1f; color: #ffffff\" href=\"https:\/\/bokik.hu\/hirek\/miskolc\" aria-label=\"Miskolc kateg\u00f3ri\u00e1k megnyit\u00e1sa\">Miskolc<\/a><\/li>\r\n                                    <li><a style=\"background: #0e6497; color: #ffffff\" href=\"https:\/\/bokik.hu\/hirek\/rendezveny\" aria-label=\"rendezv\u00e9ny kateg\u00f3ri\u00e1k megnyit\u00e1sa\">rendezv\u00e9ny<\/a><\/li>\r\n                                <li><span class=\"public-at\">2025. november 19.<\/span><\/li>\r\n            <\/ul>\r\n                <div class=\"desc\"><p style=\"text-align:justify\">A v\u00e1rmegye legnagyobb \u00e9s legrangosabb gazdas\u00e1gi esem\u00e9nye, a TOP 100 gazdas\u00e1gi f\u00f3rum, amelyet imm\u00e1r k\u00e9t \u00e9vtizede rendez meg kamar\u00e1nk a Nemzeti Ad\u00f3- \u00e9s V\u00e1mhivatal Borsod-Aba\u00faj-Zempl\u00e9n V\u00e1rmegyei Ad\u00f3- \u00e9s V\u00e1migazgat\u00f3s\u00e1g\u00e1val \u00e9s az \u00c9szak-Magyarorsz\u00e1g napilappal k\u00f6z\u00f6sen. Az idei rendezv\u00e9ny id\u0151pontja: november 27. (cs\u00fct\u00f6rt\u00f6k), 11 \u00f3ra. Helysz\u00edne a DVTK Stadion VIP terme.<\/p><\/div>\r\n    <\/div>\r\n<\/div>        <\/div>\n            <div class=\"col-md-6 col-xs-12 inline-col feed-item\">\n            <div class=\"clearfix\">\r\n    <div class=\"img \">\r\n        <a  href=\"https:\/\/bokik.hu\/hirek\/tizenegy-pontos-megallapodas-orban-viktor-es-nagy-elek-kozott\" title=\"Tizenegy pontos meg\u00e1llapod\u00e1s Orb\u00e1n Viktor \u00e9s Nagy Elek k\u00f6z\u00f6tt\" tabindex=\"-1\" aria-hidden=\"true\">\r\n            <img class=\"img-responsive img-center\" src=\"\/uploads\/feed_items\/small-orban-nagye-17634470544797.jpg\" alt=\"Tizenegy pontos meg\u00e1llapod\u00e1s Orb\u00e1n Viktor \u00e9s Nagy Elek k\u00f6z\u00f6tt\">\n        <\/a>\r\n    <\/div>\r\n    <div class=\"col-xs-7 info\">\r\n        <div class=\"title\" role=\"heading\" aria-level=\"4\"><a  href=\"https:\/\/bokik.hu\/hirek\/tizenegy-pontos-megallapodas-orban-viktor-es-nagy-elek-kozott\">Tizenegy pontos meg\u00e1llapod\u00e1s Orb\u00e1n Viktor \u00e9s Nagy Elek k\u00f6z\u00f6tt<\/a><\/div>\r\n                    <ul class=\"categories\">\r\n                                    <li><a style=\"background: #423fc6; color: #ffffff\" href=\"https:\/\/bokik.hu\/hirek\/vivamus-non-erat-sit\" aria-label=\"belf\u00f6ld kateg\u00f3ri\u00e1k megnyit\u00e1sa\">belf\u00f6ld<\/a><\/li>\r\n                                    <li><a style=\"background: #557d1f; color: #ffffff\" href=\"https:\/\/bokik.hu\/hirek\/hirek\" aria-label=\"h\u00edrek kateg\u00f3ri\u00e1k megnyit\u00e1sa\">h\u00edrek<\/a><\/li>\r\n                                    <li><a style=\"background: #364dd2; color: #ffffff\" href=\"https:\/\/bokik.hu\/hirek\/gazdasag\" aria-label=\"gazdas\u00e1g kateg\u00f3ri\u00e1k megnyit\u00e1sa\">gazdas\u00e1g<\/a><\/li>\r\n                                <li><span class=\"public-at\">2025. november 18.<\/span><\/li>\r\n            <\/ul>\r\n                <div class=\"desc\"><p style=\"text-align:justify\">Tizenegy pontos v\u00e1llalkoz\u00e1si ad\u00f3cs\u00f6kkent\u00e9si meg\u00e1llapod\u00e1st jelentett be Orb\u00e1n Viktor minisztereln\u00f6k h\u00e9tf\u0151n, a budapesti sajt\u00f3t\u00e1j\u00e9koztat\u00f3n.<\/p><\/div>\r\n    <\/div>\r\n<\/div>        <\/div>\n    <\/div>\n\n<ul class=\"pagination text-center\">\r\n                    <li class=\"left\"><a aria-label=\"El\u0151z\u0151\" href=\"https:\/\/bokik.hu\/api\/feeds\/page?page=11\" rel=\"nofollow\"><i aria-hidden=\"true\" class=\"icon icon-arrow-flat-left\"><\/i><\/a><\/li>\r\n        \r\n                    \r\n                                                                        <li><a href=\"https:\/\/bokik.hu\/api\/feeds\/page?page=1\" rel=\"nofollow\" aria-label=\"1. oldal bet\u00f6lt\u00e9se\">01<\/a><\/li>\r\n                                                                                <li><a href=\"https:\/\/bokik.hu\/api\/feeds\/page?page=2\" rel=\"nofollow\" aria-label=\"2. oldal bet\u00f6lt\u00e9se\">02<\/a><\/li>\r\n                                                                                    <li class=\"disabled\"><span>...<\/span><\/li>\r\n            \r\n                                \r\n                                                                        <li><a href=\"https:\/\/bokik.hu\/api\/feeds\/page?page=9\" rel=\"nofollow\" aria-label=\"9. oldal bet\u00f6lt\u00e9se\">09<\/a><\/li>\r\n                                                                                <li><a href=\"https:\/\/bokik.hu\/api\/feeds\/page?page=10\" rel=\"nofollow\" aria-label=\"10. oldal bet\u00f6lt\u00e9se\">10<\/a><\/li>\r\n                                                                                <li><a href=\"https:\/\/bokik.hu\/api\/feeds\/page?page=11\" rel=\"nofollow\" aria-label=\"11. oldal bet\u00f6lt\u00e9se\">11<\/a><\/li>\r\n                                                                                <li class=\"active\"><span>12<\/span><\/li>\r\n                                                                                <li><a href=\"https:\/\/bokik.hu\/api\/feeds\/page?page=13\" rel=\"nofollow\" aria-label=\"13. oldal bet\u00f6lt\u00e9se\">13<\/a><\/li>\r\n                                                                                <li><a href=\"https:\/\/bokik.hu\/api\/feeds\/page?page=14\" rel=\"nofollow\" aria-label=\"14. oldal bet\u00f6lt\u00e9se\">14<\/a><\/li>\r\n                                                                                <li><a href=\"https:\/\/bokik.hu\/api\/feeds\/page?page=15\" rel=\"nofollow\" aria-label=\"15. oldal bet\u00f6lt\u00e9se\">15<\/a><\/li>\r\n                                                                                    <li class=\"disabled\"><span>...<\/span><\/li>\r\n            \r\n                                \r\n                                                                        <li><a href=\"https:\/\/bokik.hu\/api\/feeds\/page?page=201\" rel=\"nofollow\" aria-label=\"201. oldal bet\u00f6lt\u00e9se\">201<\/a><\/li>\r\n                                                                                <li><a href=\"https:\/\/bokik.hu\/api\/feeds\/page?page=202\" rel=\"nofollow\" aria-label=\"202. oldal bet\u00f6lt\u00e9se\">202<\/a><\/li>\r\n                                                        \r\n                    <li class=\"right\"><a aria-label=\"K\u00f6vetkez\u0151\" href=\"https:\/\/bokik.hu\/api\/feeds\/page?page=13\" rel=\"nofollow\"><i aria-hidden=\"true\" class=\"icon icon-arrow-flat-right\"><\/i><\/a><\/li>\r\n            <\/ul>\r\n\n","page":"12"}