{"content":"<div class=\"row inline-row\">\n                <div class=\"col-md-6 col-xs-12 inline-col feed-item\">\n            <div class=\"clearfix\">\r\n    <div class=\"img \">\r\n        <a  href=\"https:\/\/bokik.hu\/hirek\/megjelent-az-uj-szakkepzesi-munkaszerzodes-minta\" title=\"Megjelent az \u00faj szakk\u00e9pz\u00e9si munkaszerz\u0151d\u00e9s minta\" tabindex=\"-1\" aria-hidden=\"true\">\r\n            <img class=\"img-responsive img-center\" src=\"\/uploads\/feed_items\/small-kerdoives-felmeres-17537068395679.jpg\" alt=\"Megjelent az \u00faj szakk\u00e9pz\u00e9si munkaszerz\u0151d\u00e9s minta\">\n        <\/a>\r\n    <\/div>\r\n    <div class=\"col-xs-7 info\">\r\n        <div class=\"title\" role=\"heading\" aria-level=\"4\"><a  href=\"https:\/\/bokik.hu\/hirek\/megjelent-az-uj-szakkepzesi-munkaszerzodes-minta\">Megjelent az \u00faj szakk\u00e9pz\u00e9si munkaszerz\u0151d\u00e9s minta<\/a><\/div>\r\n                    <ul class=\"categories\">\r\n                                    <li><a style=\"background: #d31c03; color: #ffffff\" href=\"https:\/\/bokik.hu\/hirek\/szakkepzes\" aria-label=\"szakk\u00e9pz\u00e9s kateg\u00f3ri\u00e1k megnyit\u00e1sa\">szakk\u00e9pz\u00e9s<\/a><\/li>\r\n                                    <li><a style=\"background: #557d1f; color: #ffffff\" href=\"https:\/\/bokik.hu\/hirek\/dualis-kepzes\" aria-label=\"Du\u00e1lis k\u00e9pz\u00e9s kateg\u00f3ri\u00e1k megnyit\u00e1sa\">Du\u00e1lis k\u00e9pz\u00e9s<\/a><\/li>\r\n                                <li><span class=\"public-at\">2025. j\u00falius 11.<\/span><\/li>\r\n            <\/ul>\r\n                <div class=\"desc\"><p style=\"text-align:justify\"><strong>Friss\u00fclt a szakk\u00e9pz\u00e9si munkaszerz\u0151d\u00e9s (SZMSZ) minta, valamint el\u00e9rhet\u0151v\u00e9 v\u00e1lt az \u00faj, elektronikusan is kit\u00f6lthet\u0151 v\u00e1ltozat.<\/strong><\/p><\/div>\r\n    <\/div>\r\n<\/div>        <\/div>\n            <div class=\"col-md-6 col-xs-12 inline-col feed-item\">\n            <div class=\"clearfix\">\r\n    <div class=\"img \">\r\n        <a target=\"blank\" href=\"https:\/\/bokik.hu\/index.php\/esemenyek\/kulfold\/uzleti-delegacio-nemetorszagba-2025-szeptember-22-24\" title=\"T\u00e1mogatott r\u00e9szv\u00e9teli lehet\u0151s\u00e9g a hannoveri szakv\u00e1s\u00e1ron\" tabindex=\"-1\" aria-hidden=\"true\">\r\n            <img class=\"img-responsive img-center\" src=\"\/uploads\/feed_items\/small-img-marktkirche-hannover-17522354370148.jpg\" alt=\"T\u00e1mogatott r\u00e9szv\u00e9teli lehet\u0151s\u00e9g a hannoveri szakv\u00e1s\u00e1ron\">\n        <\/a>\r\n    <\/div>\r\n    <div class=\"col-xs-7 info\">\r\n        <div class=\"title\" role=\"heading\" aria-level=\"4\"><a target=\"blank\" href=\"https:\/\/bokik.hu\/index.php\/esemenyek\/kulfold\/uzleti-delegacio-nemetorszagba-2025-szeptember-22-24\">T\u00e1mogatott r\u00e9szv\u00e9teli lehet\u0151s\u00e9g a hannoveri szakv\u00e1s\u00e1ron<\/a><\/div>\r\n                    <ul class=\"categories\">\r\n                                    <li><a style=\"background: #863b9f; color: #ffffff\" href=\"https:\/\/bokik.hu\/hirek\/nemzetkozi\" aria-label=\"nemzetk\u00f6zi kateg\u00f3ri\u00e1k megnyit\u00e1sa\">nemzetk\u00f6zi<\/a><\/li>\r\n                                    <li><a style=\"background: #75bf90; color: #242424\" href=\"https:\/\/bokik.hu\/hirek\/mkik\" aria-label=\"MKIK kateg\u00f3ri\u00e1k megnyit\u00e1sa\">MKIK<\/a><\/li>\r\n                                    <li><a style=\"background: #6423a1; color: #ffffff\" href=\"https:\/\/bokik.hu\/hirek\/szakkiallitas\" aria-label=\"szakki\u00e1ll\u00edt\u00e1s kateg\u00f3ri\u00e1k megnyit\u00e1sa\">szakki\u00e1ll\u00edt\u00e1s<\/a><\/li>\r\n                                <li><span class=\"public-at\">2025. j\u00falius 11.<\/span><\/li>\r\n            <\/ul>\r\n                <div class=\"desc\"><p style=\"text-align:justify\">Az MKIK V\u00e1llalkoz\u00e1sfejleszt\u00e9si Projektje keret\u00e9ben 2025. szeptember 22\u201324. k\u00f6z\u00f6tt \u00fczleti deleg\u00e1ci\u00f3t szervez N\u00e9metorsz\u00e1gba, Hannoverbe. Az export\u0151r kis- \u00e9s k\u00f6z\u00e9pv\u00e1llalkoz\u00e1sok r\u00e9szv\u00e9tel\u00e9t a Nemzetgazdas\u00e1gi Miniszt\u00e9rium t\u00e1mogatja. A kiutaz\u00e1s c\u00e9lja - az \u00e1ltal\u00e1nos \u00fczleti kapcsolatok fejleszt\u00e9se mellett - a k\u00e9t orsz\u00e1g v\u00e1llalkoz\u00f3i k\u00f6z\u00f6tti egy\u00fcttm\u0171k\u00f6d\u00e9si lehet\u0151s\u00e9gek felt\u00e9rk\u00e9pez\u00e9se, az \u00fczleti k\u00f6rnyezet bemutat\u00e1sa.<\/p><\/div>\r\n    <\/div>\r\n<\/div>        <\/div>\n            <div class=\"col-md-6 col-xs-12 inline-col feed-item\">\n            <div class=\"clearfix\">\r\n    <div class=\"img \">\r\n        <a  href=\"https:\/\/bokik.hu\/hirek\/kivaloan-teljesit-a-szechenyi-kartya-program\" title=\"Kiv\u00e1l\u00f3an teljes\u00edt a Sz\u00e9chenyi K\u00e1rtya Program\" tabindex=\"-1\" aria-hidden=\"true\">\r\n            <img class=\"img-responsive img-center\" src=\"\/uploads\/feed_items\/small-img-szechenyi-kartya-program-uj-logo-1-17521426620927.jpg\" alt=\"Kiv\u00e1l\u00f3an teljes\u00edt a Sz\u00e9chenyi K\u00e1rtya Program\">\n        <\/a>\r\n    <\/div>\r\n    <div class=\"col-xs-7 info\">\r\n        <div class=\"title\" role=\"heading\" aria-level=\"4\"><a  href=\"https:\/\/bokik.hu\/hirek\/kivaloan-teljesit-a-szechenyi-kartya-program\">Kiv\u00e1l\u00f3an teljes\u00edt a Sz\u00e9chenyi K\u00e1rtya Program<\/a><\/div>\r\n                    <ul class=\"categories\">\r\n                                    <li><a style=\"background: #423fc6; color: #ffffff\" href=\"https:\/\/bokik.hu\/hirek\/vivamus-non-erat-sit\" aria-label=\"belf\u00f6ld kateg\u00f3ri\u00e1k megnyit\u00e1sa\">belf\u00f6ld<\/a><\/li>\r\n                                    <li><a style=\"background: #364dd2; color: #ffffff\" href=\"https:\/\/bokik.hu\/hirek\/gazdasag\" aria-label=\"gazdas\u00e1g kateg\u00f3ri\u00e1k megnyit\u00e1sa\">gazdas\u00e1g<\/a><\/li>\r\n                                    <li><a style=\"background: #557d1f; color: #ffffff\" href=\"https:\/\/bokik.hu\/hirek\/kavosz\" aria-label=\"KAVOSZ kateg\u00f3ri\u00e1k megnyit\u00e1sa\">KAVOSZ<\/a><\/li>\r\n                                <li><span class=\"public-at\">2025. j\u00falius 10.<\/span><\/li>\r\n            <\/ul>\r\n                <div class=\"desc\"><p style=\"text-align:justify\">A Sz\u00e9chenyi K\u00e1rtya Program kiv\u00e1l\u00f3an teljes\u00edtett 2025 els\u0151 f\u00e9l\u00e9v\u00e9ben, 8.555 beruh\u00e1z\u00e1si c\u00e9l\u00fa hitelig\u00e9nyt fogadtak be a programban r\u00e9szt vev\u0151 bankok 264,7 milli\u00e1rd forint \u00f6sszegben. A program tov\u00e1bbra is jelent\u0151sen hozz\u00e1j\u00e1rul a hazai kkv-k versenyk\u00e9pess\u00e9g\u00e9nek er\u0151s\u00edt\u00e9s\u00e9hez \u00e9s a gazdas\u00e1gi n\u00f6veked\u00e9s \u00f6szt\u00f6nz\u00e9s\u00e9hez. Ebben kiemelt szerepet j\u00e1tszik, hogy a beruh\u00e1z\u00e1si hitelek kamatszintje a Demj\u00e1n S\u00e1ndor Program 2024. novemberi indul\u00e1sa \u00f3ta - k\u00e9t l\u00e9pcs\u0151ben - 5-r\u0151l \u00e9vi 3 sz\u00e1zal\u00e9kra cs\u00f6kkent.<\/p><\/div>\r\n    <\/div>\r\n<\/div>        <\/div>\n            <div class=\"col-md-6 col-xs-12 inline-col feed-item\">\n            <div class=\"clearfix\">\r\n    <div class=\"img \">\r\n        <a  href=\"https:\/\/bokik.hu\/hirek\/e-bike-beszerzesi-program-2025\" title=\"E-bike beszerz\u00e9si program 2025\" tabindex=\"-1\" aria-hidden=\"true\">\r\n            <img class=\"img-responsive img-center\" src=\"\/uploads\/feed_items\/small-img-e-bike-17521398412532.jpg\" alt=\"E-bike beszerz\u00e9si program 2025\">\n        <\/a>\r\n    <\/div>\r\n    <div class=\"col-xs-7 info\">\r\n        <div class=\"title\" role=\"heading\" aria-level=\"4\"><a  href=\"https:\/\/bokik.hu\/hirek\/e-bike-beszerzesi-program-2025\">E-bike beszerz\u00e9si program 2025<\/a><\/div>\r\n                    <ul class=\"categories\">\r\n                                    <li><a style=\"background: #423fc6; color: #ffffff\" href=\"https:\/\/bokik.hu\/hirek\/vivamus-non-erat-sit\" aria-label=\"belf\u00f6ld kateg\u00f3ri\u00e1k megnyit\u00e1sa\">belf\u00f6ld<\/a><\/li>\r\n                                    <li><a style=\"background: #008516; color: #ffffff\" href=\"https:\/\/bokik.hu\/hirek\/palyazat\" aria-label=\"p\u00e1ly\u00e1zat kateg\u00f3ri\u00e1k megnyit\u00e1sa\">p\u00e1ly\u00e1zat<\/a><\/li>\r\n                                    <li><a style=\"background: #557d1f; color: #ffffff\" href=\"https:\/\/bokik.hu\/hirek\/turizmus\" aria-label=\"turizmus kateg\u00f3ri\u00e1k megnyit\u00e1sa\">turizmus<\/a><\/li>\r\n                                <li><span class=\"public-at\">2025. j\u00falius 10.<\/span><\/li>\r\n            <\/ul>\r\n                <div class=\"desc\"><p style=\"text-align:justify\">A K\u00f6zigazgat\u00e1si \u00e9s Ter\u00fcletfejleszt\u00e9si Miniszt\u00e9rium akt\u00edv Magyarorsz\u00e1g\u00e9rt felel\u0151s \u00e1llamtitk\u00e1ra E-bike beszerz\u00e9si programot (a tov\u00e1bbiakban: Program) hirdetett meg. A Program c\u00e9lja a turizmussal foglalkoz\u00f3 szervezetek, v\u00e1llalkoz\u00e1sok, civil szervezetek e-bike beszerz\u00e9seinek t\u00e1mogat\u00e1sa.<\/p><\/div>\r\n    <\/div>\r\n<\/div>        <\/div>\n            <div class=\"col-md-6 col-xs-12 inline-col feed-item\">\n            <div class=\"clearfix\">\r\n    <div class=\"img \">\r\n        <a  href=\"https:\/\/bokik.hu\/hirek\/forian-lajos-emlekere\" title=\"F\u00f3ri\u00e1n Lajos eml\u00e9k\u00e9re\" tabindex=\"-1\" aria-hidden=\"true\">\r\n            <img class=\"img-responsive img-center\" src=\"\/uploads\/feed_items\/small-img-forian-c-17520618248767.jpg\" alt=\"F\u00f3ri\u00e1n Lajos eml\u00e9k\u00e9re\">\n        <\/a>\r\n    <\/div>\r\n    <div class=\"col-xs-7 info\">\r\n        <div class=\"title\" role=\"heading\" aria-level=\"4\"><a  href=\"https:\/\/bokik.hu\/hirek\/forian-lajos-emlekere\">F\u00f3ri\u00e1n Lajos eml\u00e9k\u00e9re<\/a><\/div>\r\n                    <ul class=\"categories\">\r\n                                    <li><a style=\"background: #000000; color: #ffffff\" href=\"https:\/\/bokik.hu\/hirek\/megemlekezes\" aria-label=\"megeml\u00e9kez\u00e9s kateg\u00f3ri\u00e1k megnyit\u00e1sa\">megeml\u00e9kez\u00e9s<\/a><\/li>\r\n                                <li><span class=\"public-at\">2025. j\u00falius 09.<\/span><\/li>\r\n            <\/ul>\r\n                <div class=\"desc\"><p style=\"text-align:justify\">Miskolc egyik legnevesebb mesterszak\u00e1cs\u00e1t\u00f3l b\u00facs\u00fazunk. F\u00f3ri\u00e1n Lajost, a Miskolci SZC Szentp\u00e1li Istv\u00e1n Kereskedelmi \u00e9s Vend\u00e9gl\u00e1t\u00f3 Technikum \u00e9s Szakk\u00e9pz\u0151 Iskola oktat\u00f3j\u00e1t, kamar\u00e1nk mesterk\u00e9pz\u00e9s\u00e9nek akt\u00edv szerepl\u0151j\u00e9t 71 \u00e9ves kor\u00e1ban - 2025. j\u00falius 6-\u00e1n - \u00e9rte a hal\u00e1l. Gener\u00e1ci\u00f3k n\u0151ttek fel a keze alatt, \u00e9s tanult\u00e1k meg ennek a gy\u00f6ny\u00f6r\u0171 szakm\u00e1nak a mesterfog\u00e1sait.<\/p><\/div>\r\n    <\/div>\r\n<\/div>        <\/div>\n            <div class=\"col-md-6 col-xs-12 inline-col feed-item\">\n            <div class=\"clearfix\">\r\n    <div class=\"img \">\r\n        <a  href=\"https:\/\/bokik.hu\/hirek\/xpand-program-segiti-a-nemzetkozi-piacra-lepest\" title=\"XPAND Program seg\u00edti a nemzetk\u00f6zi piacra l\u00e9p\u00e9st\" tabindex=\"-1\" aria-hidden=\"true\">\r\n            <img class=\"img-responsive img-center\" src=\"\/uploads\/feed_items\/small-img-xpand-fb-event-cover-c-17519847023661.jpg\" alt=\"XPAND Program seg\u00edti a nemzetk\u00f6zi piacra l\u00e9p\u00e9st\">\n        <\/a>\r\n    <\/div>\r\n    <div class=\"col-xs-7 info\">\r\n        <div class=\"title\" role=\"heading\" aria-level=\"4\"><a  href=\"https:\/\/bokik.hu\/hirek\/xpand-program-segiti-a-nemzetkozi-piacra-lepest\">XPAND Program seg\u00edti a nemzetk\u00f6zi piacra l\u00e9p\u00e9st<\/a><\/div>\r\n                    <ul class=\"categories\">\r\n                                    <li><a style=\"background: #863b9f; color: #ffffff\" href=\"https:\/\/bokik.hu\/hirek\/nemzetkozi\" aria-label=\"nemzetk\u00f6zi kateg\u00f3ri\u00e1k megnyit\u00e1sa\">nemzetk\u00f6zi<\/a><\/li>\r\n                                    <li><a style=\"background: #008516; color: #ffffff\" href=\"https:\/\/bokik.hu\/hirek\/palyazat\" aria-label=\"p\u00e1ly\u00e1zat kateg\u00f3ri\u00e1k megnyit\u00e1sa\">p\u00e1ly\u00e1zat<\/a><\/li>\r\n                                    <li><a style=\"background: #6423a1; color: #ffffff\" href=\"https:\/\/bokik.hu\/hirek\/szakkiallitas\" aria-label=\"szakki\u00e1ll\u00edt\u00e1s kateg\u00f3ri\u00e1k megnyit\u00e1sa\">szakki\u00e1ll\u00edt\u00e1s<\/a><\/li>\r\n                                <li><span class=\"public-at\">2025. j\u00falius 08.<\/span><\/li>\r\n            <\/ul>\r\n                <div class=\"desc\"><p style=\"text-align:justify\">Az XPAND Programot a Nemzeti Innov\u00e1ci\u00f3s \u00dcgyn\u00f6ks\u00e9g (NI\u00dc) ind\u00edtotta azzal a c\u00e9llal, hogy seg\u00edtse a magyar startupokat \u00e9s KKV-kat a nemzetk\u00f6zi piacra l\u00e9p\u00e9sben, a glob\u00e1lis befektet\u0151kkel val\u00f3 kapcsolat\u00e9p\u00edt\u00e9sben \u00e9s \u00fczleti h\u00e1l\u00f3zatuk b\u0151v\u00edt\u00e9s\u00e9ben. A kiv\u00e1lasztott v\u00e1llalkoz\u00e1sok rangos glob\u00e1lis tech- \u00e9s \u00fczleti esem\u00e9nyeken vehetnek r\u00e9szt.<\/p><\/div>\r\n    <\/div>\r\n<\/div>        <\/div>\n            <div class=\"col-md-6 col-xs-12 inline-col feed-item\">\n            <div class=\"clearfix\">\r\n    <div class=\"img \">\r\n        <a  href=\"https:\/\/bokik.hu\/hirek\/kozosen-segiti-a-hazai-vallalkozasokat-az-mkik-es-a-nav\" title=\"K\u00f6z\u00f6sen seg\u00edti a hazai v\u00e1llalkoz\u00e1sokat az MKIK \u00e9s a NAV\" tabindex=\"-1\" aria-hidden=\"true\">\r\n            <img class=\"img-responsive img-center\" src=\"\/uploads\/feed_items\/small-img-mkik-nav-17519797412879.jpg\" alt=\"K\u00f6z\u00f6sen seg\u00edti a hazai v\u00e1llalkoz\u00e1sokat az MKIK \u00e9s a NAV\">\n        <\/a>\r\n    <\/div>\r\n    <div class=\"col-xs-7 info\">\r\n        <div class=\"title\" role=\"heading\" aria-level=\"4\"><a  href=\"https:\/\/bokik.hu\/hirek\/kozosen-segiti-a-hazai-vallalkozasokat-az-mkik-es-a-nav\">K\u00f6z\u00f6sen seg\u00edti a hazai v\u00e1llalkoz\u00e1sokat az MKIK \u00e9s a NAV<\/a><\/div>\r\n                    <ul class=\"categories\">\r\n                                    <li><a style=\"background: #423fc6; color: #ffffff\" href=\"https:\/\/bokik.hu\/hirek\/vivamus-non-erat-sit\" aria-label=\"belf\u00f6ld kateg\u00f3ri\u00e1k megnyit\u00e1sa\">belf\u00f6ld<\/a><\/li>\r\n                                    <li><a style=\"background: #75bf90; color: #242424\" href=\"https:\/\/bokik.hu\/hirek\/mkik\" aria-label=\"MKIK kateg\u00f3ri\u00e1k megnyit\u00e1sa\">MKIK<\/a><\/li>\r\n                                    <li><a style=\"background: #006cd1; color: #ffffff\" href=\"https:\/\/bokik.hu\/hirek\/nav\" aria-label=\"NAV kateg\u00f3ri\u00e1k megnyit\u00e1sa\">NAV<\/a><\/li>\r\n                                <li><span class=\"public-at\">2025. j\u00falius 08.<\/span><\/li>\r\n            <\/ul>\r\n                <div class=\"desc\"><p style=\"text-align:justify\">Egy\u00fcttm\u0171k\u00f6d\u00e9si meg\u00e1llapod\u00e1st k\u00f6t\u00f6tt a Magyar Kereskedelmi \u00e9s Iparkamara (MKIK) \u00e9s a Nemzeti Ad\u00f3- \u00e9s V\u00e1mhivatal (NAV). A magyar gazdas\u00e1gi \u00e9let k\u00e9t meghat\u00e1roz\u00f3 szerepl\u0151je k\u00f6z\u00f6tt l\u00e9trej\u00f6tt meg\u00e1llapod\u00e1s c\u00e9lja a v\u00e1llalkoz\u00e1sok m\u0171k\u00f6d\u00e9si felt\u00e9teleinek jav\u00edt\u00e1sa \u00e9s az \u00fczleti k\u00f6rnyezet \u00e1tl\u00e1that\u00f3s\u00e1g\u00e1nak er\u0151s\u00edt\u00e9se. Az egy\u00fcttm\u0171k\u00f6d\u00e9si meg\u00e1llapod\u00e1st j\u00falius 7-\u00e9n Nagy Elek, az MKIK eln\u00f6ke \u00e9s V\u00e1gujhelyi Ferenc, a NAV eln\u00f6ke \u00edrta al\u00e1.<\/p><\/div>\r\n    <\/div>\r\n<\/div>        <\/div>\n            <div class=\"col-md-6 col-xs-12 inline-col feed-item\">\n            <div class=\"clearfix\">\r\n    <div class=\"img \">\r\n        <a  href=\"https:\/\/bokik.hu\/hirek\/tokaj-a-10-legjobb-europai-borvidek-kozott\" title=\"Tokaj a 10 legjobb eur\u00f3pai borvid\u00e9k k\u00f6z\u00f6tt\" tabindex=\"-1\" aria-hidden=\"true\">\r\n            <img class=\"img-responsive img-center\" src=\"\/uploads\/feed_items\/small-img-tokaji-borvidek-c-17519653546135.jpg\" alt=\"Tokaj a 10 legjobb eur\u00f3pai borvid\u00e9k k\u00f6z\u00f6tt\">\n        <\/a>\r\n    <\/div>\r\n    <div class=\"col-xs-7 info\">\r\n        <div class=\"title\" role=\"heading\" aria-level=\"4\"><a  href=\"https:\/\/bokik.hu\/hirek\/tokaj-a-10-legjobb-europai-borvidek-kozott\">Tokaj a 10 legjobb eur\u00f3pai borvid\u00e9k k\u00f6z\u00f6tt<\/a><\/div>\r\n                    <ul class=\"categories\">\r\n                                    <li><a style=\"background: #557d1f; color: #ffffff\" href=\"https:\/\/bokik.hu\/hirek\/hirek\" aria-label=\"h\u00edrek kateg\u00f3ri\u00e1k megnyit\u00e1sa\">h\u00edrek<\/a><\/li>\r\n                                    <li><a style=\"background: #863b9f; color: #ffffff\" href=\"https:\/\/bokik.hu\/hirek\/nemzetkozi\" aria-label=\"nemzetk\u00f6zi kateg\u00f3ri\u00e1k megnyit\u00e1sa\">nemzetk\u00f6zi<\/a><\/li>\r\n                                    <li><a style=\"background: #557d1f; color: #ffffff\" href=\"https:\/\/bokik.hu\/hirek\/turizmus\" aria-label=\"turizmus kateg\u00f3ri\u00e1k megnyit\u00e1sa\">turizmus<\/a><\/li>\r\n                                <li><span class=\"public-at\">2025. j\u00falius 08.<\/span><\/li>\r\n            <\/ul>\r\n                <div class=\"desc\"><p style=\"text-align:justify\">Kider\u00fclt, melyek a 2025-\u00f6s \u00e9v legjobb eur\u00f3pai borvid\u00e9kei, ahol a borkedvel\u0151k sz\u00edvesen elt\u00f6ltenek n\u00e9h\u00e1ny napot. A Quotezone.co.uk utasbiztos\u00edt\u00e1si szak\u00e9rt\u0151i elemezt\u00e9k a n\u00f6vekv\u0151 utaz\u00e1si trendet, \u00e9s elk\u00e9sz\u00edtett\u00e9k a 2025-\u00f6s Vineyard Mini-Break indexet, amely Eur\u00f3pa legjobb borvid\u00e9keit rangsorolja. B\u00fcszk\u00e9k lehet\u00fcnk, mert Tokaj is felker\u00fclt a list\u00e1ra.<\/p><\/div>\r\n    <\/div>\r\n<\/div>        <\/div>\n    <\/div>\n\n<ul class=\"pagination text-center\">\r\n                    <li class=\"left\"><a aria-label=\"El\u0151z\u0151\" href=\"https:\/\/bokik.hu\/api\/feeds\/page?page=21\" rel=\"nofollow\"><i aria-hidden=\"true\" class=\"icon icon-arrow-flat-left\"><\/i><\/a><\/li>\r\n        \r\n                    \r\n                                                                        <li><a href=\"https:\/\/bokik.hu\/api\/feeds\/page?page=1\" rel=\"nofollow\" aria-label=\"1. oldal bet\u00f6lt\u00e9se\">01<\/a><\/li>\r\n                                                                                <li><a href=\"https:\/\/bokik.hu\/api\/feeds\/page?page=2\" rel=\"nofollow\" aria-label=\"2. oldal bet\u00f6lt\u00e9se\">02<\/a><\/li>\r\n                                                                                    <li class=\"disabled\"><span>...<\/span><\/li>\r\n            \r\n                                \r\n                                                                        <li><a href=\"https:\/\/bokik.hu\/api\/feeds\/page?page=19\" rel=\"nofollow\" aria-label=\"19. oldal bet\u00f6lt\u00e9se\">19<\/a><\/li>\r\n                                                                                <li><a href=\"https:\/\/bokik.hu\/api\/feeds\/page?page=20\" rel=\"nofollow\" aria-label=\"20. oldal bet\u00f6lt\u00e9se\">20<\/a><\/li>\r\n                                                                                <li><a href=\"https:\/\/bokik.hu\/api\/feeds\/page?page=21\" rel=\"nofollow\" aria-label=\"21. oldal bet\u00f6lt\u00e9se\">21<\/a><\/li>\r\n                                                                                <li class=\"active\"><span>22<\/span><\/li>\r\n                                                                                <li><a href=\"https:\/\/bokik.hu\/api\/feeds\/page?page=23\" rel=\"nofollow\" aria-label=\"23. oldal bet\u00f6lt\u00e9se\">23<\/a><\/li>\r\n                                                                                <li><a href=\"https:\/\/bokik.hu\/api\/feeds\/page?page=24\" rel=\"nofollow\" aria-label=\"24. oldal bet\u00f6lt\u00e9se\">24<\/a><\/li>\r\n                                                                                <li><a href=\"https:\/\/bokik.hu\/api\/feeds\/page?page=25\" rel=\"nofollow\" aria-label=\"25. oldal bet\u00f6lt\u00e9se\">25<\/a><\/li>\r\n                                                                                    <li class=\"disabled\"><span>...<\/span><\/li>\r\n            \r\n                                \r\n                                                                        <li><a href=\"https:\/\/bokik.hu\/api\/feeds\/page?page=201\" rel=\"nofollow\" aria-label=\"201. oldal bet\u00f6lt\u00e9se\">201<\/a><\/li>\r\n                                                                                <li><a href=\"https:\/\/bokik.hu\/api\/feeds\/page?page=202\" rel=\"nofollow\" aria-label=\"202. oldal bet\u00f6lt\u00e9se\">202<\/a><\/li>\r\n                                                        \r\n                    <li class=\"right\"><a aria-label=\"K\u00f6vetkez\u0151\" href=\"https:\/\/bokik.hu\/api\/feeds\/page?page=23\" rel=\"nofollow\"><i aria-hidden=\"true\" class=\"icon icon-arrow-flat-right\"><\/i><\/a><\/li>\r\n            <\/ul>\r\n\n","page":"22"}