{"content":"<div class=\"row inline-row\">\n                <div class=\"col-md-6 col-xs-12 inline-col feed-item\">\n            <div class=\"clearfix\">\r\n    <div class=\"img \">\r\n        <a  href=\"https:\/\/bokik.hu\/hirek\/roman-hirek-tenderek-2024-51-het\" title=\"Rom\u00e1n h\u00edrek, tenderek - 2024. 51. h\u00e9t\" tabindex=\"-1\" aria-hidden=\"true\">\r\n            <img class=\"img-responsive img-center\" src=\"\/uploads\/feed_items\/small-flag-of-romania-17366945351728.png\" alt=\"Rom\u00e1n h\u00edrek, tenderek - 2024. 51. h\u00e9t\">\n        <\/a>\r\n    <\/div>\r\n    <div class=\"col-xs-7 info\">\r\n        <div class=\"title\" role=\"heading\" aria-level=\"4\"><a  href=\"https:\/\/bokik.hu\/hirek\/roman-hirek-tenderek-2024-51-het\">Rom\u00e1n h\u00edrek, tenderek - 2024. 51. h\u00e9t<\/a><\/div>\r\n                    <ul class=\"categories\">\r\n                                    <li><a style=\"background: #3565e9; color: #ffffff\" href=\"https:\/\/bokik.hu\/hirek\/uzleti-ajanlatok\" aria-label=\"\u00dczleti aj\u00e1nlatok kateg\u00f3ri\u00e1k megnyit\u00e1sa\">\u00dczleti aj\u00e1nlatok<\/a><\/li>\r\n                                    <li><a style=\"background: #5c9ae6; color: #ffffff\" href=\"https:\/\/bokik.hu\/hirek\/romania\" aria-label=\"Rom\u00e1nia kateg\u00f3ri\u00e1k megnyit\u00e1sa\">Rom\u00e1nia<\/a><\/li>\r\n                                <li><span class=\"public-at\">2024. december 19.<\/span><\/li>\r\n            <\/ul>\r\n                <div class=\"desc\"><\/div>\r\n    <\/div>\r\n<\/div>        <\/div>\n            <div class=\"col-md-6 col-xs-12 inline-col feed-item\">\n            <div class=\"clearfix\">\r\n    <div class=\"img \">\r\n        <a  href=\"https:\/\/bokik.hu\/hirek\/fontos-valtozasokrol-a-berszamfejtes-hirlevelben\" title=\"Fontos v\u00e1ltoz\u00e1sokr\u00f3l a B\u00e9rsz\u00e1mfejt\u00e9s H\u00edrlev\u00e9lben\" tabindex=\"-1\" aria-hidden=\"true\">\r\n            <img class=\"img-responsive img-center\" src=\"\/uploads\/feed_items\/small-img-business-17345285185219.jpg\" alt=\"Fontos v\u00e1ltoz\u00e1sokr\u00f3l a B\u00e9rsz\u00e1mfejt\u00e9s H\u00edrlev\u00e9lben\">\n        <\/a>\r\n    <\/div>\r\n    <div class=\"col-xs-7 info\">\r\n        <div class=\"title\" role=\"heading\" aria-level=\"4\"><a  href=\"https:\/\/bokik.hu\/hirek\/fontos-valtozasokrol-a-berszamfejtes-hirlevelben\">Fontos v\u00e1ltoz\u00e1sokr\u00f3l a B\u00e9rsz\u00e1mfejt\u00e9s H\u00edrlev\u00e9lben<\/a><\/div>\r\n                    <ul class=\"categories\">\r\n                                    <li><a style=\"background: #423fc6; color: #ffffff\" href=\"https:\/\/bokik.hu\/hirek\/vivamus-non-erat-sit\" aria-label=\"belf\u00f6ld kateg\u00f3ri\u00e1k megnyit\u00e1sa\">belf\u00f6ld<\/a><\/li>\r\n                                    <li><a style=\"background: #557d1f; color: #ffffff\" href=\"https:\/\/bokik.hu\/hirek\/hirek\" aria-label=\"h\u00edrek kateg\u00f3ri\u00e1k megnyit\u00e1sa\">h\u00edrek<\/a><\/li>\r\n                                    <li><a style=\"background: #364dd2; color: #ffffff\" href=\"https:\/\/bokik.hu\/hirek\/gazdasag\" aria-label=\"gazdas\u00e1g kateg\u00f3ri\u00e1k megnyit\u00e1sa\">gazdas\u00e1g<\/a><\/li>\r\n                                <li><span class=\"public-at\">2024. december 18.<\/span><\/li>\r\n            <\/ul>\r\n                <div class=\"desc\"><p style=\"text-align:justify\">Megjelent az EY B\u00e9rsz\u00e1mfejt\u00e9s H\u00edrlev\u00e9l idei \u00f6t\u00f6dik sz\u00e1ma, amelyben a b\u00e9rsz\u00e1mfejt\u00e9s, a t\u00e1rsadalombiztos\u00edt\u00e1s \u00e9s a munkajog t\u00e9mak\u00f6rben tal\u00e1lhat\u00f3k aktualit\u00e1sok. T\u00f6bbek k\u00f6z\u00f6tt a k\u00f6vetkez\u0151 t\u00e9m\u00e1kr\u00f3l olvashatnak: a munk\u00e1ba j\u00e1r\u00e1s k\u00f6lts\u00e9gt\u00e9r\u00edt\u00e9se, a csal\u00e1di kedvezm\u00e9ny n\u00f6veked\u00e9se, a Sz\u00e9p-k\u00e1rtya felhaszn\u00e1lhat\u00f3s\u00e1g\u00e1nak lehet\u0151s\u00e9gei, valamint az \u00faj ad\u00f3mentes elemek.<\/p><\/div>\r\n    <\/div>\r\n<\/div>        <\/div>\n            <div class=\"col-md-6 col-xs-12 inline-col feed-item\">\n            <div class=\"clearfix\">\r\n    <div class=\"img \">\r\n        <a  href=\"https:\/\/bokik.hu\/hirek\/nemzetkozi-gazdasagi-hirlevel-2024-december-i\" title=\"Nemzetk\u00f6zi gazdas\u00e1gi h\u00edrlev\u00e9l - 2024. december I.\" tabindex=\"-1\" aria-hidden=\"true\">\r\n            <img class=\"img-responsive img-center\" src=\"\/uploads\/feed_items\/small-img-nemzetkozi-1734517750006.png\" alt=\"Nemzetk\u00f6zi gazdas\u00e1gi h\u00edrlev\u00e9l - 2024. december I.\">\n        <\/a>\r\n    <\/div>\r\n    <div class=\"col-xs-7 info\">\r\n        <div class=\"title\" role=\"heading\" aria-level=\"4\"><a  href=\"https:\/\/bokik.hu\/hirek\/nemzetkozi-gazdasagi-hirlevel-2024-december-i\">Nemzetk\u00f6zi gazdas\u00e1gi h\u00edrlev\u00e9l - 2024. december I.<\/a><\/div>\r\n                    <ul class=\"categories\">\r\n                                    <li><a style=\"background: #557d1f; color: #ffffff\" href=\"https:\/\/bokik.hu\/hirek\/hirek\" aria-label=\"h\u00edrek kateg\u00f3ri\u00e1k megnyit\u00e1sa\">h\u00edrek<\/a><\/li>\r\n                                    <li><a style=\"background: #863b9f; color: #ffffff\" href=\"https:\/\/bokik.hu\/hirek\/nemzetkozi\" aria-label=\"nemzetk\u00f6zi kateg\u00f3ri\u00e1k megnyit\u00e1sa\">nemzetk\u00f6zi<\/a><\/li>\r\n                                <li><span class=\"public-at\">2024. december 18.<\/span><\/li>\r\n            <\/ul>\r\n                <div class=\"desc\"><p style=\"text-align:justify\">H\u00edrek, naprak\u00e9sz inform\u00e1ci\u00f3k a k\u00fclkereskedelem szempontj\u00e1b\u00f3l meghat\u00e1roz\u00f3 orsz\u00e1gok aktu\u00e1lis gazdas\u00e1gi helyzet\u00e9r\u0151l \u00e9s az orsz\u00e1gokat \u00e9rint\u0151 legfontosabb int\u00e9zked\u00e9sekr\u0151l. A kamara ebben az \u00e9vben is folyamatosan \u00f6ssze\u00e1ll\u00edtja a h\u00edrfigyel\u0151t, amely tartalmazza a t\u00e9m\u00e1val kapcsolatos \u00fajdons\u00e1gokat. Emellett az eur\u00f3pai uni\u00f3s szakpolitikai aktualit\u00e1sokr\u00f3l \u00e9s az uni\u00f3s gazdas\u00e1gi, \u00fczleti vonatkoz\u00e1s\u00fa h\u00edrekr\u0151l is tud\u00f3s\u00edtunk.<\/p><\/div>\r\n    <\/div>\r\n<\/div>        <\/div>\n            <div class=\"col-md-6 col-xs-12 inline-col feed-item\">\n            <div class=\"clearfix\">\r\n    <div class=\"img \">\r\n        <a  href=\"https:\/\/bokik.hu\/hirek\/earlybird-jegyek-a-pp-bkik-konferenciakra\" title=\"Earlybird jegyek a PP-BKIK konferenci\u00e1kra\" tabindex=\"-1\" aria-hidden=\"true\">\r\n            <img class=\"img-responsive img-center\" src=\"\/uploads\/feed_items\/small-img-pp-bkik-c-17344372633905.jpg\" alt=\"Earlybird jegyek a PP-BKIK konferenci\u00e1kra\">\n        <\/a>\r\n    <\/div>\r\n    <div class=\"col-xs-7 info\">\r\n        <div class=\"title\" role=\"heading\" aria-level=\"4\"><a  href=\"https:\/\/bokik.hu\/hirek\/earlybird-jegyek-a-pp-bkik-konferenciakra\">Earlybird jegyek a PP-BKIK konferenci\u00e1kra<\/a><\/div>\r\n                    <ul class=\"categories\">\r\n                                    <li><a style=\"background: #423fc6; color: #ffffff\" href=\"https:\/\/bokik.hu\/hirek\/vivamus-non-erat-sit\" aria-label=\"belf\u00f6ld kateg\u00f3ri\u00e1k megnyit\u00e1sa\">belf\u00f6ld<\/a><\/li>\r\n                                    <li><a style=\"background: #296e79; color: #ffffff\" href=\"https:\/\/bokik.hu\/hirek\/eloadas\" aria-label=\"el\u0151ad\u00e1s kateg\u00f3ri\u00e1k megnyit\u00e1sa\">el\u0151ad\u00e1s<\/a><\/li>\r\n                                    <li><a style=\"background: #364dd2; color: #ffffff\" href=\"https:\/\/bokik.hu\/hirek\/gazdasag\" aria-label=\"gazdas\u00e1g kateg\u00f3ri\u00e1k megnyit\u00e1sa\">gazdas\u00e1g<\/a><\/li>\r\n                                <li><span class=\"public-at\">2024. december 17.<\/span><\/li>\r\n            <\/ul>\r\n                <div class=\"desc\"><p style=\"text-align:justify\">Indul a 2025. \u00e9vi PP-BKIK konferenciaszezon! Janu\u00e1r 1-ig 40 sz\u00e1zal\u00e9kos korai earlybird \u00e1ron! A PP Konferenciak\u00f6zpont - Budapesti Kereskedelmi \u00e9s Iparkamara els\u0151 4 konferenci\u00e1j\u00e1ra 2025. janu\u00e1r 1-ig regisztr\u00e1l\u00f3k 40 sz\u00e1zal\u00e9kos kedvezm\u00e9nyt kaphatnak. V\u00e1rj\u00e1k a c\u00e9gek els\u0151 sz\u00e1m\u00fa vezet\u0151it, az \u00e9rt\u00e9kes\u00edt\u00e9st ir\u00e1ny\u00edt\u00f3kat \u00e9s csapattagjaikat, a c\u00e9gek \u00fcgyf\u00e9lszolg\u00e1latosait, marketingeseit, HR-eseit \u00e9s adatb\u00e1zis-szak\u00e9rt\u0151it, ha meg akarj\u00e1k tudni, miben v\u00e1ltoztassanak gyorsan az elad\u00e1s n\u00f6vel\u00e9se \u00e9rdek\u00e9be.<\/p><\/div>\r\n    <\/div>\r\n<\/div>        <\/div>\n            <div class=\"col-md-6 col-xs-12 inline-col feed-item\">\n            <div class=\"clearfix\">\r\n    <div class=\"img \">\r\n        <a  href=\"https:\/\/bokik.hu\/hirek\/januar-1-tol-megszunnek-a-papiralapu-szamlak\" title=\"Janu\u00e1r 1-t\u0151l megsz\u0171nnek a pap\u00edralap\u00fa sz\u00e1ml\u00e1k!\" tabindex=\"-1\" aria-hidden=\"true\">\r\n            <img class=\"img-responsive img-center\" src=\"\/uploads\/feed_items\/small-img-mvm-1734441213625.jpg\" alt=\"Janu\u00e1r 1-t\u0151l megsz\u0171nnek a pap\u00edralap\u00fa sz\u00e1ml\u00e1k!\">\n        <\/a>\r\n    <\/div>\r\n    <div class=\"col-xs-7 info\">\r\n        <div class=\"title\" role=\"heading\" aria-level=\"4\"><a  href=\"https:\/\/bokik.hu\/hirek\/januar-1-tol-megszunnek-a-papiralapu-szamlak\">Janu\u00e1r 1-t\u0151l megsz\u0171nnek a pap\u00edralap\u00fa sz\u00e1ml\u00e1k!<\/a><\/div>\r\n                    <ul class=\"categories\">\r\n                                    <li><a style=\"background: #423fc6; color: #ffffff\" href=\"https:\/\/bokik.hu\/hirek\/vivamus-non-erat-sit\" aria-label=\"belf\u00f6ld kateg\u00f3ri\u00e1k megnyit\u00e1sa\">belf\u00f6ld<\/a><\/li>\r\n                                    <li><a style=\"background: #557d1f; color: #ffffff\" href=\"https:\/\/bokik.hu\/hirek\/hirek\" aria-label=\"h\u00edrek kateg\u00f3ri\u00e1k megnyit\u00e1sa\">h\u00edrek<\/a><\/li>\r\n                                    <li><a style=\"background: #364dd2; color: #ffffff\" href=\"https:\/\/bokik.hu\/hirek\/gazdasag\" aria-label=\"gazdas\u00e1g kateg\u00f3ri\u00e1k megnyit\u00e1sa\">gazdas\u00e1g<\/a><\/li>\r\n                                <li><span class=\"public-at\">2024. december 17.<\/span><\/li>\r\n            <\/ul>\r\n                <div class=\"desc\"><p style=\"text-align:justify\">Jogszab\u00e1lyv\u00e1ltoz\u00e1s&nbsp;miatt 2025. janu\u00e1r 1-j\u00e9t\u0151l&nbsp;az energiakeresked\u0151k \u00e9s a h\u00e1l\u00f3zati eloszt\u00f3 t\u00e1rsas\u00e1gok a nem lakoss\u00e1gi felhaszn\u00e1l\u00f3k f\u00f6ldg\u00e1z \u00e9s\/vagy villamosenergia-sz\u00e1ml\u00e1it kiz\u00e1r\u00f3lag elektronikus form\u00e1ban bocs\u00e1thatj\u00e1k ki. Ez azt jelenti, hogy az \u00faj \u00e9vt\u0151l a pap\u00edralap\u00fa sz\u00e1mla helyett az MVM Next is csak elektronikus sz\u00e1ml\u00e1t \u00e1ll\u00edthat ki ennek az \u00fcgyf\u00e9lk\u00f6rnek. Az energiaszolg\u00e1ltat\u00f3 t\u00e1j\u00e9koztat\u00f3t juttatott el kamar\u00e1nkhoz.<\/p><\/div>\r\n    <\/div>\r\n<\/div>        <\/div>\n            <div class=\"col-md-6 col-xs-12 inline-col feed-item\">\n            <div class=\"clearfix\">\r\n    <div class=\"img \">\r\n        <a  href=\"https:\/\/bokik.hu\/hirek\/munkara-valo-alkalmassagi-vizsgalat\" title=\"Munk\u00e1ra val\u00f3 alkalmass\u00e1gi vizsg\u00e1lat\" tabindex=\"-1\" aria-hidden=\"true\">\r\n            <img class=\"img-responsive img-center\" src=\"\/uploads\/feed_items\/small-img-orvosi-alkalmassagi-17344423871836.jpg\" alt=\"Munk\u00e1ra val\u00f3 alkalmass\u00e1gi vizsg\u00e1lat\">\n        <\/a>\r\n    <\/div>\r\n    <div class=\"col-xs-7 info\">\r\n        <div class=\"title\" role=\"heading\" aria-level=\"4\"><a  href=\"https:\/\/bokik.hu\/hirek\/munkara-valo-alkalmassagi-vizsgalat\">Munk\u00e1ra val\u00f3 alkalmass\u00e1gi vizsg\u00e1lat<\/a><\/div>\r\n                    <ul class=\"categories\">\r\n                                    <li><a style=\"background: #423fc6; color: #ffffff\" href=\"https:\/\/bokik.hu\/hirek\/vivamus-non-erat-sit\" aria-label=\"belf\u00f6ld kateg\u00f3ri\u00e1k megnyit\u00e1sa\">belf\u00f6ld<\/a><\/li>\r\n                                    <li><a style=\"background: #557d1f; color: #ffffff\" href=\"https:\/\/bokik.hu\/hirek\/hirek\" aria-label=\"h\u00edrek kateg\u00f3ri\u00e1k megnyit\u00e1sa\">h\u00edrek<\/a><\/li>\r\n                                    <li><a style=\"background: #364dd2; color: #ffffff\" href=\"https:\/\/bokik.hu\/hirek\/gazdasag\" aria-label=\"gazdas\u00e1g kateg\u00f3ri\u00e1k megnyit\u00e1sa\">gazdas\u00e1g<\/a><\/li>\r\n                                <li><span class=\"public-at\">2024. december 17.<\/span><\/li>\r\n            <\/ul>\r\n                <div class=\"desc\"><p style=\"text-align:justify\">A Magyar K\u00f6zl\u00f6ny 128. sz\u00e1m\u00e1ban megjelent az energia\u00fcgyi miniszter 23\/2024. (XII. 16.) EM rendelete a munk\u00e1ra val\u00f3 alkalmass\u00e1gi vizsg\u00e1lat k\u00f6telez\u0151 elrendel\u00e9s\u00e9r\u0151l. A rendelet kimondja: A munk\u00e1ra val\u00f3 alkalmass\u00e1gr\u00f3l a&nbsp;munkak\u00f6ri, szakmai, illetve szem\u00e9lyi higi\u00e9n\u00e9s alkalmass\u00e1g orvosi vizsg\u00e1lat\u00e1r\u00f3l \u00e9s v\u00e9lem\u00e9nyez\u00e9s\u00e9r\u0151l sz\u00f3l\u00f3 jogszab\u00e1lyban meghat\u00e1rozott orvosi vizsg\u00e1lat alapj\u00e1n kell d\u00f6nteni.<\/p><\/div>\r\n    <\/div>\r\n<\/div>        <\/div>\n            <div class=\"col-md-6 col-xs-12 inline-col feed-item\">\n            <div class=\"clearfix\">\r\n    <div class=\"img \">\r\n        <a  href=\"https:\/\/bokik.hu\/hirek\/gratulalunk-derczo-istvan-lechner-odon-dijas-lett\" title=\"Gratul\u00e1lunk! Dercz\u00f3 Istv\u00e1n Lechner \u00d6d\u00f6n d\u00edjas lett\" tabindex=\"-1\" aria-hidden=\"true\">\r\n            <img class=\"img-responsive img-center\" src=\"\/uploads\/feed_items\/small-tn4-040-web-nm2-7166-17343625946503.jpg\" alt=\"Gratul\u00e1lunk! Dercz\u00f3 Istv\u00e1n Lechner \u00d6d\u00f6n d\u00edjas lett\">\n        <\/a>\r\n    <\/div>\r\n    <div class=\"col-xs-7 info\">\r\n        <div class=\"title\" role=\"heading\" aria-level=\"4\"><a  href=\"https:\/\/bokik.hu\/hirek\/gratulalunk-derczo-istvan-lechner-odon-dijas-lett\">Gratul\u00e1lunk! Dercz\u00f3 Istv\u00e1n Lechner \u00d6d\u00f6n d\u00edjas lett<\/a><\/div>\r\n                    <ul class=\"categories\">\r\n                                    <li><a style=\"background: #423fc6; color: #ffffff\" href=\"https:\/\/bokik.hu\/hirek\/vivamus-non-erat-sit\" aria-label=\"belf\u00f6ld kateg\u00f3ri\u00e1k megnyit\u00e1sa\">belf\u00f6ld<\/a><\/li>\r\n                                    <li><a style=\"background: #364dd2; color: #ffffff\" href=\"https:\/\/bokik.hu\/hirek\/gazdasag\" aria-label=\"gazdas\u00e1g kateg\u00f3ri\u00e1k megnyit\u00e1sa\">gazdas\u00e1g<\/a><\/li>\r\n                                    <li><a style=\"background: #9d6700; color: #ffffff\" href=\"https:\/\/bokik.hu\/hirek\/dij\" aria-label=\"d\u00edj kateg\u00f3ri\u00e1k megnyit\u00e1sa\">d\u00edj<\/a><\/li>\r\n                                <li><span class=\"public-at\">2024. december 16.<\/span><\/li>\r\n            <\/ul>\r\n                <div class=\"desc\"><p style=\"text-align:justify\">A hazai \u00e9p\u00edt\u0151ipar legrangosabb elismer\u00e9seit adt\u00e1k \u00e1t december 12-\u00e9n Budapesten az \u00c9p\u00edt\u00e9si V\u00e1llalkoz\u00f3k Orsz\u00e1gos Szaksz\u00f6vets\u00e9g\u00e9nek \u00e9vz\u00e1r\u00f3 g\u00e1l\u00e1j\u00e1n.&nbsp;A BOKIK sz\u00e1m\u00e1ra k\u00fcl\u00f6n b\u00fcszkes\u00e9g, hogy Dercz\u00f3 Istv\u00e1n, a s\u00e1rospataki Weinberg Kft. alap\u00edt\u00f3ja \u00e9s \u00fcgyvezet\u0151je Lechner \u00d6d\u00f6n d\u00edjat kapott, a magas\u00e9p\u00edt\u00e9si l\u00e9tes\u00edtm\u00e9nyek gener\u00e1lkivitelez\u00e9si ter\u00fclet\u00e9n v\u00e9gzett t\u00f6bb mint h\u00e1rom \u00e9vtizedes kiemelked\u0151 szakmai munk\u00e1ja \u00e9s vezet\u0151i munk\u00e1ss\u00e1ga elismer\u00e9sek\u00e9nt.<\/p><\/div>\r\n    <\/div>\r\n<\/div>        <\/div>\n            <div class=\"col-md-6 col-xs-12 inline-col feed-item\">\n            <div class=\"clearfix\">\r\n    <div class=\"img \">\r\n        <a  href=\"https:\/\/bokik.hu\/hirek\/varjak-a-cegek-jelentkezeset-a-munkaba-valo-visszateres-segitesehez\" title=\"V\u00e1rj\u00e1k a c\u00e9gek jelentkez\u00e9s\u00e9t a munk\u00e1ba val\u00f3 visszat\u00e9r\u00e9s seg\u00edt\u00e9s\u00e9hez\" tabindex=\"-1\" aria-hidden=\"true\">\r\n            <img class=\"img-responsive img-center\" src=\"\/uploads\/feed_items\/small-img-munkaba-valo-visszateres-c-17343440908754.jpg\" alt=\"V\u00e1rj\u00e1k a c\u00e9gek jelentkez\u00e9s\u00e9t a munk\u00e1ba val\u00f3 visszat\u00e9r\u00e9s seg\u00edt\u00e9s\u00e9hez\">\n        <\/a>\r\n    <\/div>\r\n    <div class=\"col-xs-7 info\">\r\n        <div class=\"title\" role=\"heading\" aria-level=\"4\"><a  href=\"https:\/\/bokik.hu\/hirek\/varjak-a-cegek-jelentkezeset-a-munkaba-valo-visszateres-segitesehez\">V\u00e1rj\u00e1k a c\u00e9gek jelentkez\u00e9s\u00e9t a munk\u00e1ba val\u00f3 visszat\u00e9r\u00e9s seg\u00edt\u00e9s\u00e9hez<\/a><\/div>\r\n                    <ul class=\"categories\">\r\n                                    <li><a style=\"background: #423fc6; color: #ffffff\" href=\"https:\/\/bokik.hu\/hirek\/vivamus-non-erat-sit\" aria-label=\"belf\u00f6ld kateg\u00f3ri\u00e1k megnyit\u00e1sa\">belf\u00f6ld<\/a><\/li>\r\n                                    <li><a style=\"background: #364dd2; color: #ffffff\" href=\"https:\/\/bokik.hu\/hirek\/gazdasag\" aria-label=\"gazdas\u00e1g kateg\u00f3ri\u00e1k megnyit\u00e1sa\">gazdas\u00e1g<\/a><\/li>\r\n                                    <li><a style=\"background: #006bab; color: #ffffff\" href=\"https:\/\/bokik.hu\/hirek\/munkahely\" aria-label=\"munkahely kateg\u00f3ri\u00e1k megnyit\u00e1sa\">munkahely<\/a><\/li>\r\n                                <li><span class=\"public-at\">2024. december 16.<\/span><\/li>\r\n            <\/ul>\r\n                <div class=\"desc\"><p style=\"text-align:justify\">A Magyar V\u00f6r\u00f6skereszt Borsod-Aba\u00faj-Zempl\u00e9n V\u00e1rmegyei Szervezete a Foglalkoztat\u00e1si Paktum 2.0 projekt keret\u00e9ben seg\u00edti az inakt\u00edv, 30 \u00e9v feletti, h\u00e1tr\u00e1nyos helyzet\u0171 emberek munk\u00e1ba val\u00f3 visszavezet\u00e9s\u00e9t. Ehhez a munk\u00e1hoz k\u00e9rik olyan c\u00e9gek seg\u00edts\u00e9g\u00e9t, amelyek k\u00e9szek r\u00e9szt venni a foglalkoztat\u00f3k sz\u00e1m\u00e1ra szervezett ingyenes k\u00e9pz\u00e9seken. A jelentkez\u00e9shez egy k\u00e9rd\u0151\u00edv kit\u00f6lt\u00e9se sz\u00fcks\u00e9ges.<\/p><\/div>\r\n    <\/div>\r\n<\/div>        <\/div>\n    <\/div>\n\n<ul class=\"pagination text-center\">\r\n                    <li class=\"left\"><a aria-label=\"El\u0151z\u0151\" href=\"https:\/\/bokik.hu\/api\/feeds\/page?page=48\" rel=\"nofollow\"><i aria-hidden=\"true\" class=\"icon icon-arrow-flat-left\"><\/i><\/a><\/li>\r\n        \r\n                    \r\n                                                                        <li><a href=\"https:\/\/bokik.hu\/api\/feeds\/page?page=1\" rel=\"nofollow\" aria-label=\"1. oldal bet\u00f6lt\u00e9se\">01<\/a><\/li>\r\n                                                                                <li><a href=\"https:\/\/bokik.hu\/api\/feeds\/page?page=2\" rel=\"nofollow\" aria-label=\"2. oldal bet\u00f6lt\u00e9se\">02<\/a><\/li>\r\n                                                                                    <li class=\"disabled\"><span>...<\/span><\/li>\r\n            \r\n                                \r\n                                                                        <li><a href=\"https:\/\/bokik.hu\/api\/feeds\/page?page=46\" rel=\"nofollow\" aria-label=\"46. oldal bet\u00f6lt\u00e9se\">46<\/a><\/li>\r\n                                                                                <li><a href=\"https:\/\/bokik.hu\/api\/feeds\/page?page=47\" rel=\"nofollow\" aria-label=\"47. oldal bet\u00f6lt\u00e9se\">47<\/a><\/li>\r\n                                                                                <li><a href=\"https:\/\/bokik.hu\/api\/feeds\/page?page=48\" rel=\"nofollow\" aria-label=\"48. oldal bet\u00f6lt\u00e9se\">48<\/a><\/li>\r\n                                                                                <li class=\"active\"><span>49<\/span><\/li>\r\n                                                                                <li><a href=\"https:\/\/bokik.hu\/api\/feeds\/page?page=50\" rel=\"nofollow\" aria-label=\"50. oldal bet\u00f6lt\u00e9se\">50<\/a><\/li>\r\n                                                                                <li><a href=\"https:\/\/bokik.hu\/api\/feeds\/page?page=51\" rel=\"nofollow\" aria-label=\"51. oldal bet\u00f6lt\u00e9se\">51<\/a><\/li>\r\n                                                                                <li><a href=\"https:\/\/bokik.hu\/api\/feeds\/page?page=52\" rel=\"nofollow\" aria-label=\"52. oldal bet\u00f6lt\u00e9se\">52<\/a><\/li>\r\n                                                                                    <li class=\"disabled\"><span>...<\/span><\/li>\r\n            \r\n                                \r\n                                                                        <li><a href=\"https:\/\/bokik.hu\/api\/feeds\/page?page=212\" rel=\"nofollow\" aria-label=\"212. oldal bet\u00f6lt\u00e9se\">212<\/a><\/li>\r\n                                                                                <li><a href=\"https:\/\/bokik.hu\/api\/feeds\/page?page=213\" rel=\"nofollow\" aria-label=\"213. oldal bet\u00f6lt\u00e9se\">213<\/a><\/li>\r\n                                                        \r\n                    <li class=\"right\"><a aria-label=\"K\u00f6vetkez\u0151\" href=\"https:\/\/bokik.hu\/api\/feeds\/page?page=50\" rel=\"nofollow\"><i aria-hidden=\"true\" class=\"icon icon-arrow-flat-right\"><\/i><\/a><\/li>\r\n            <\/ul>\r\n\n","page":"49"}